{"id":968,"date":"2012-02-11T11:30:21","date_gmt":"2012-02-11T10:30:21","guid":{"rendered":"http:\/\/www.ledbag.se\/?p=968"},"modified":"2012-02-11T11:48:48","modified_gmt":"2012-02-11T10:48:48","slug":"sdf","status":"publish","type":"post","link":"https:\/\/www.ledbag.se\/?p=968","title":{"rendered":"L\u00e4ngtan efter sommaren"},"content":{"rendered":"<p><img fetchpriority=\"high\" decoding=\"async\" class=\"alignnone size-full wp-image-967\" title=\"sommarbild-2011\" src=\"http:\/\/www.ledbag.se\/wp-content\/uploads\/2012\/02\/sommarbild-2011.jpg\" alt=\"\" width=\"575\" height=\"250\" srcset=\"https:\/\/www.ledbag.se\/wp-content\/uploads\/2012\/02\/sommarbild-2011.jpg 575w, https:\/\/www.ledbag.se\/wp-content\/uploads\/2012\/02\/sommarbild-2011-300x130.jpg 300w\" sizes=\"(max-width: 575px) 100vw, 575px\" \/><br \/>\n<strong>Foto: Mats Ragnarsson<\/strong><\/p>\n<p>\u00c4ven om det fortfarande \u00e4r en ganska l\u00e5ng tid kvar innan vi f\u00e5 uppleva en s\u00e5dan kv\u00e4llsvy s\u00e5 kunde redaktionen inte l\u00e5ta bli att publicera denna talande bild vad en svensk sommar st\u00e5r f\u00f6r.<br \/>\nVi kan \u00e4ven n\u00e4mna att Innertavle S\u00f6dra V\u00e4gsamf\u00e4llighet (enskild v\u00e4g mellan Innertavle och Sillviken) under veckan hade hittat igen v\u00e5r sida via hemsidan hos REV (<strong>R<\/strong>iksf\u00f6rbundet <strong>E<\/strong>nskilda <strong>V<\/strong>\u00e4gar)\u00a0i syfte att s\u00f6ka n\u00e5gon f\u00f6rening som hade en egen hemsida f\u00f6r att f\u00e5 ut sitt budskap. Vi fick mycket goda vitsord om v\u00e5rt uppl\u00e4gg.<\/p>\n<p><!--more--><\/p>\n<p><strong>Ordning &amp; reda<br \/>\n<\/strong>Vi brukar ta upp fr\u00e5gan om medlemsskapet i RIV p\u00e5 v\u00e5ra st\u00e4mmor och vad vi f\u00e5r f\u00f6r avgiften. Bl.a annat kan vi f\u00e5 juridisk hj\u00e4lp om det skulle ske en olycka och f\u00f6reningen \u00e4r ytterst ansvarig. <strong><span style=\"color: #ff0000;\"><a href=\"http:\/\/content.foreningshuset.se\/KundMappar\/5339\/Varvartidningen_2010.pdf\"><span style=\"color: #ff0000;\">H\u00e4r <\/span><\/a><\/span><\/strong>kan du l\u00e4sa mera om vad REV kan hj\u00e4lpa till med!<\/p>\n<p>F\u00f6r varje dag som g\u00e5r vi mot ljusare tider och m\u00f6jligheten att f\u00e5nga upp vad som h\u00e4nder i v\u00e5rt stugomr\u00e5de med b\u00e5de text &amp; bild \u00f6kar. Var inte r\u00e4dd f\u00f6r att skicka in material till webredaktionen.<\/p>\n<p><strong><span style=\"color: #800000;\">&gt; mats.ragnarsson@staren.nu<\/span><\/strong><\/p>\n<p>&nbsp;<\/p>\n","protected":false},"excerpt":{"rendered":"<p>Foto: Mats Ragnarsson \u00c4ven om det fortfarande \u00e4r en ganska l\u00e5ng tid kvar innan vi f\u00e5 uppleva en s\u00e5dan kv\u00e4llsvy s\u00e5 kunde redaktionen inte l\u00e5ta bli att publicera denna talande bild vad en svensk sommar st\u00e5r f\u00f6r. Vi kan \u00e4ven n\u00e4mna att Innertavle S\u00f6dra V\u00e4gsamf\u00e4llighet (enskild v\u00e4g mellan Innertavle och Sillviken) under veckan hade hittat &hellip; <\/p>\n<p class=\"link-more\"><a href=\"https:\/\/www.ledbag.se\/?p=968\" class=\"more-link\">L\u00e4s mer<span class=\"screen-reader-text\"> \u201dL\u00e4ngtan efter sommaren\u201d<\/span><\/a><\/p>\n","protected":false},"author":2,"featured_media":0,"comment_status":"open","ping_status":"open","sticky":false,"template":"","format":"standard","meta":{"_FSMCFIC_featured_image_caption":"","_FSMCFIC_featured_image_nocaption":"","_FSMCFIC_featured_image_hide":"","footnotes":""},"categories":[3],"tags":[],"class_list":["post-968","post","type-post","status-publish","format-standard","hentry","category-vinter"],"cc_featured_image_caption":{"caption_text":false,"source_text":false,"source_url":false},"featured_media_urls":[],"_links":{"self":[{"href":"https:\/\/www.ledbag.se\/index.php?rest_route=\/wp\/v2\/posts\/968","targetHints":{"allow":["GET"]}}],"collection":[{"href":"https:\/\/www.ledbag.se\/index.php?rest_route=\/wp\/v2\/posts"}],"about":[{"href":"https:\/\/www.ledbag.se\/index.php?rest_route=\/wp\/v2\/types\/post"}],"author":[{"embeddable":true,"href":"https:\/\/www.ledbag.se\/index.php?rest_route=\/wp\/v2\/users\/2"}],"replies":[{"embeddable":true,"href":"https:\/\/www.ledbag.se\/index.php?rest_route=%2Fwp%2Fv2%2Fcomments&post=968"}],"version-history":[{"count":10,"href":"https:\/\/www.ledbag.se\/index.php?rest_route=\/wp\/v2\/posts\/968\/revisions"}],"predecessor-version":[{"id":972,"href":"https:\/\/www.ledbag.se\/index.php?rest_route=\/wp\/v2\/posts\/968\/revisions\/972"}],"wp:attachment":[{"href":"https:\/\/www.ledbag.se\/index.php?rest_route=%2Fwp%2Fv2%2Fmedia&parent=968"}],"wp:term":[{"taxonomy":"category","embeddable":true,"href":"https:\/\/www.ledbag.se\/index.php?rest_route=%2Fwp%2Fv2%2Fcategories&post=968"},{"taxonomy":"post_tag","embeddable":true,"href":"https:\/\/www.ledbag.se\/index.php?rest_route=%2Fwp%2Fv2%2Ftags&post=968"}],"curies":[{"name":"wp","href":"https:\/\/api.w.org\/{rel}","templated":true}]}}