{"id":466,"date":"2011-05-21T12:09:20","date_gmt":"2011-05-21T11:09:20","guid":{"rendered":"http:\/\/www.ledbag.se\/?p=466"},"modified":"2011-05-21T12:24:12","modified_gmt":"2011-05-21T11:24:12","slug":"arbetsdagen-faststalld","status":"publish","type":"post","link":"https:\/\/www.ledbag.se\/?p=466","title":{"rendered":"Arbetsdagen fastst\u00e4lld till fj\u00e4rde juni"},"content":{"rendered":"<p><img fetchpriority=\"high\" decoding=\"async\" class=\"alignnone size-full wp-image-468\" title=\"styrelsem\u00f6te_110521\" src=\"http:\/\/www.ledbag.se\/wp-content\/uploads\/2011\/05\/styrelsem\u00f6te_110521.jpg\" alt=\"\" width=\"575\" height=\"400\" srcset=\"https:\/\/www.ledbag.se\/wp-content\/uploads\/2011\/05\/styrelsem\u00f6te_110521.jpg 575w, https:\/\/www.ledbag.se\/wp-content\/uploads\/2011\/05\/styrelsem\u00f6te_110521-300x208.jpg 300w\" sizes=\"(max-width: 575px) 100vw, 575px\" \/><br \/>\n<strong>Foto: MATS RAGNARSSON<\/strong><\/p>\n<p>Under l\u00f6rdag f\u00f6rmiddag avh\u00f6ll Ledsk\u00e4r-B\u00e5del\u00f6gerns V\u00e4gf\u00f6rening ett styrelsem\u00f6te f\u00f6r att uppdatera sig om l\u00e4get efter vintern. M\u00f6tet h\u00f6lls hemma hos Mats Karlsson.<br \/>\n&#8211; Vi beslutade att vi kommer att genomf\u00f6ra en arbetsdag l\u00f6rdag den 4 juni, ber\u00e4ttar ordf\u00f6rande Sigbritt Jonsson till ledbag.se.<\/p>\n<p><strong><!--more--><\/strong><\/p>\n<p><strong>Koll p\u00e5 ekonomin<\/strong><br \/>\nEn stor del av m\u00f6tet gick att uppdatera sig om vinterns all sn\u00f6 ute i omr\u00e5det och den kostnad f\u00f6r sn\u00f6r\u00f6jning som sj\u00e4lvklart har blivit dyrare \u00e4n vad som var t\u00e4nkt.<\/p>\n<p>&#8211; Det \u00e4r inte bara i v\u00e5r lilla f\u00f6rening som g\u00f6r att man inte h\u00e5ller budget f\u00f6r just det kontot. Vi har best\u00e4mt att h\u00e5lla igen med andra kostnader vilket g\u00f6r att v\u00e5r t\u00e4nkta budget p\u00e5 minus 4 800 kronor kommer att bli minus 8 400 kronor, sade kass\u00f6ren Mats Ragnarsson.<\/p>\n<p>&#8211; V\u00e5ra likvida medel och v\u00e5rt eget kapital slutar runt 5 000 kronor n\u00e4r vi bryter redovisningen den sista juni.<\/p>\n<p><strong>Arbetsdag<\/strong><br \/>\nL\u00f6rdag den 4 juni ska styrelsen f\u00f6rs\u00f6ka samla ihop alla boende i omr\u00e5det till en gemensam insats f\u00f6r att fylla igen lite potth\u00e5l och g\u00f6ra lite efterarbete fr\u00e5n den t\u00e4nkta skogsaverkningen av n\u00e5gra tr\u00e4d f\u00f6r att underl\u00e4tta den kommande vinterns plogning.<\/p>\n<p>&#8211; Vi samlas kl 10.00 vid Pumphuset och alla tar med sig egna krattor &amp; spadar och s\u00e5 jobbar vi p\u00e5 ett litet tag. Vi avslutar med ett knytkalas\u00a0 och fikar\u00a0tillsammans, sade ordf\u00f6rande Sigbritt Jonsson.\u00a0<\/p>\n<p>Information om arbetsdagen kommer \u00e4ven att ansl\u00e5s p\u00e5 v\u00e5ra anslagstavlor.<\/p>\n","protected":false},"excerpt":{"rendered":"<p>Foto: MATS RAGNARSSON Under l\u00f6rdag f\u00f6rmiddag avh\u00f6ll Ledsk\u00e4r-B\u00e5del\u00f6gerns V\u00e4gf\u00f6rening ett styrelsem\u00f6te f\u00f6r att uppdatera sig om l\u00e4get efter vintern. M\u00f6tet h\u00f6lls hemma hos Mats Karlsson. &#8211; Vi beslutade att vi kommer att genomf\u00f6ra en arbetsdag l\u00f6rdag den 4 juni, ber\u00e4ttar ordf\u00f6rande Sigbritt Jonsson till ledbag.se.<\/p>\n","protected":false},"author":1,"featured_media":0,"comment_status":"open","ping_status":"open","sticky":false,"template":"","format":"standard","meta":{"_FSMCFIC_featured_image_caption":"","_FSMCFIC_featured_image_nocaption":"","_FSMCFIC_featured_image_hide":"","footnotes":""},"categories":[4],"tags":[],"class_list":["post-466","post","type-post","status-publish","format-standard","hentry","category-var"],"cc_featured_image_caption":{"caption_text":false,"source_text":false,"source_url":false},"featured_media_urls":[],"_links":{"self":[{"href":"https:\/\/www.ledbag.se\/index.php?rest_route=\/wp\/v2\/posts\/466","targetHints":{"allow":["GET"]}}],"collection":[{"href":"https:\/\/www.ledbag.se\/index.php?rest_route=\/wp\/v2\/posts"}],"about":[{"href":"https:\/\/www.ledbag.se\/index.php?rest_route=\/wp\/v2\/types\/post"}],"author":[{"embeddable":true,"href":"https:\/\/www.ledbag.se\/index.php?rest_route=\/wp\/v2\/users\/1"}],"replies":[{"embeddable":true,"href":"https:\/\/www.ledbag.se\/index.php?rest_route=%2Fwp%2Fv2%2Fcomments&post=466"}],"version-history":[{"count":6,"href":"https:\/\/www.ledbag.se\/index.php?rest_route=\/wp\/v2\/posts\/466\/revisions"}],"predecessor-version":[{"id":474,"href":"https:\/\/www.ledbag.se\/index.php?rest_route=\/wp\/v2\/posts\/466\/revisions\/474"}],"wp:attachment":[{"href":"https:\/\/www.ledbag.se\/index.php?rest_route=%2Fwp%2Fv2%2Fmedia&parent=466"}],"wp:term":[{"taxonomy":"category","embeddable":true,"href":"https:\/\/www.ledbag.se\/index.php?rest_route=%2Fwp%2Fv2%2Fcategories&post=466"},{"taxonomy":"post_tag","embeddable":true,"href":"https:\/\/www.ledbag.se\/index.php?rest_route=%2Fwp%2Fv2%2Ftags&post=466"}],"curies":[{"name":"wp","href":"https:\/\/api.w.org\/{rel}","templated":true}]}}