{"id":4580,"date":"2023-07-22T08:00:33","date_gmt":"2023-07-22T06:00:33","guid":{"rendered":"http:\/\/www.ledbag.se\/?p=4580"},"modified":"2023-07-22T10:22:56","modified_gmt":"2023-07-22T08:22:56","slug":"mote-29-juli","status":"publish","type":"post","link":"https:\/\/www.ledbag.se\/?p=4580","title":{"rendered":"Tv\u00e5 st\u00e4mmor samma dag \u2013 l\u00f6rdag 29 juli"},"content":{"rendered":"<p><strong><span style=\"color: #ff0000;\">\u00c5RSST\u00c4MMOR.<\/span> Om precis en vecka kommer Vattenf\u00f6reningen Rov\u00e5gern samt Rov\u00f6gerns V\u00e4gsamf\u00e4llighet <\/strong><strong>att h\u00e5lla sina \u00e5rsst\u00e4mmor f\u00f6r verksamhets\u00e5ret 2022\/23.<\/strong><br \/>\n<strong>&#8211; Vi har synkroniserat det s\u00e5 att b\u00e4gge f\u00f6reningarna k\u00f6r sina m\u00f6ten efter varandra. Vi hoppas p\u00e5 bra <\/strong><strong>uppslutning d\u00e5 det alltid \u00e4r viktigt att n\u00e4rvara f\u00f6r att kunna g\u00f6ra sin r\u00f6st h\u00f6rd, s\u00e4ger v\u00e4gordf\u00f6rande <\/strong><strong>Olof Degerfeldt till ledbag.se<\/strong><\/p>\n<p><strong>Vattenf\u00f6rening Rov\u00e5gern \u2013 Kvarkenfisk kl. 16.00<\/strong> (\u00e5rsst\u00e4mma)<br \/>\nVid f\u00f6reningens senaste st\u00e4mma den 20 november 2022 (verksamhets\u00e5ret 2021\/22) kom det fram ett \u00f6nskem\u00e5l att tidigarel\u00e4gga f\u00f6reningens st\u00e4mma. N\u00e5got som styrelsen tagit \u00e5t sig av och tillsammans med revisor sett till att bokslutet f\u00e5tt prioritering att vara klart att presenteras 29 juli.<\/p>\n<p>&#8211; Alla kanske inte k\u00e4nner till mig men nu har jag gjort mitt tredje \u00e5r som ordf\u00f6rande och oms\u00e4ttning och resultat f\u00f6r senaste verksamhets\u00e5ret ligger i linje med vad vi hoppats p\u00e5, s\u00e4ger Mikael L\u00e5ngstr\u00f6m.<\/p>\n<p><em>Vad jobbar Ni med f\u00f6r m\u00e5l i Ert styrelsearbete?<\/em><strong><br \/>\n&#8211;<\/strong> Att vi fr\u00e5n styrelsen \u00f6vervakar att vi har det tryck i systemet som beh\u00f6vs sedan att leverera det vatten som medlemmarna f\u00f6rv\u00e4ntar sig samt slutligen att vi ska vara kostnadse\ufb00ektiva. Det \u00e4r upp till medlemmarna att tycka om vi g\u00f6r ett bra jobb eller inte.<\/p>\n<p><strong>Digital avl\u00e4sning<\/strong><br \/>\nStyrelsen f\u00f6rlitar sig mycket p\u00e5 den moderna tekniken n\u00e4r det g\u00e4ller att \u00f6vervaka anl\u00e4ggningen.<\/p>\n<p>&#8211; Vi har haft en st\u00f6rre l\u00e4cka under verksamhets\u00e5ret hos en medlem. Kunde blivit mycket v\u00e4rre om vi inte uppt\u00e4ckt detta, s\u00e4ger L\u00e5ngstr\u00f6m.<\/p>\n<p>F\u00f6r n\u00e5gra veckor sedan redovisade Svenskt Vatten (branschorganisation bildad 1962 som f\u00f6retr\u00e4der Sveriges kommunala VA-avdelningar och vattentj\u00e4nstf\u00f6retag, reds anm.) att i Sverige finns det ett snitt p\u00e5 sjutton procent svinn n\u00e4r vi pratar vattenanl\u00e4ggningar.<\/p>\n<p>&#8211; V\u00e5r f\u00f6rening kan visa upp fem procent. Klart b\u00e4ttre \u00e4n snittet och det kan vi tacka att vi lagt<br \/>\npengar p\u00e5 modern utrustning.<\/p>\n<p><em>F\u00f6reningens m\u00e5l i l\u00e4ngre perspektiv?<\/em><br \/>\n&#8211; Vi m\u00e5ste bygga kassa. Detta f\u00f6r att kunna hantera en gammal anl\u00e4ggning som ligger i backen<br \/>\nsom ocks\u00e5 \u00e4r underdimensionerad. Vi har som bekant stopp f\u00f6r nya boenden efter Verkholmen.<\/p>\n<p><strong><span style=\"color: #800000;\"><em>Fakta Mikael L\u00e5ngstr\u00f6m (ordf\u00f6rande Vattenf\u00f6reningen Rov\u00e5gern)<\/em><\/span><\/strong><br \/>\n<strong>\u00c5lder:<\/strong> 56 \u00e5r<br \/>\n<strong>Aktiva styrelseuppdrag:<\/strong> 6 stycken *<br \/>\n<strong>Fritidsboende:<\/strong> Rov\u00f6gern<br \/>\n* K\u00e4lla: allabolag.se<\/p>\n<figure id=\"attachment_4590\" aria-describedby=\"caption-attachment-4590\" style=\"width: 574px\" class=\"wp-caption alignnone\"><a href=\"http:\/\/www.ledbag.se\/wp-content\/uploads\/2024\/07\/mikael.png\"><img fetchpriority=\"high\" decoding=\"async\" class=\"wp-image-4590\" src=\"http:\/\/www.ledbag.se\/wp-content\/uploads\/2024\/07\/mikael-1024x640.png\" alt=\"\" width=\"574\" height=\"359\" srcset=\"https:\/\/www.ledbag.se\/wp-content\/uploads\/2024\/07\/mikael-1024x640.png 1024w, https:\/\/www.ledbag.se\/wp-content\/uploads\/2024\/07\/mikael-300x188.png 300w, https:\/\/www.ledbag.se\/wp-content\/uploads\/2024\/07\/mikael-768x480.png 768w, https:\/\/www.ledbag.se\/wp-content\/uploads\/2024\/07\/mikael-600x375.png 600w, https:\/\/www.ledbag.se\/wp-content\/uploads\/2024\/07\/mikael.png 1280w\" sizes=\"(max-width: 574px) 100vw, 574px\" \/><\/a><figcaption id=\"caption-attachment-4590\" class=\"wp-caption-text\"><em>Foto: MATS RAGNARSSON<\/em><\/figcaption><\/figure>\n<p><strong>Rov\u00f6gerns <\/strong><strong>V\u00e4gsamf\u00e4llighet \u2013 Kvarkenfisk kl. 17.00<\/strong> (\u00e5rsst\u00e4mma)<br \/>\nEn som verkligen har lagt ned sin sj\u00e4l att styra upp v\u00e4gf\u00f6reningen \u00e4r Olof Degerfeldt. Naturligtvis<br \/>\ninte ensam utan tillsammans med det team (l\u00e4s: styrelse) som han haft till f\u00f6rfogande.<\/p>\n<p>&#8211; Har varit med sedan vi tog en omstart f\u00f6r 13 \u00e5r sedan och \u00e4ntligen kan vi vid denna st\u00e4mma presentera ett avslut f\u00f6r v\u00e5rt v\u00e4gprojekt, s\u00e4ger Olof Degerfeldt.<\/p>\n<p>Ett fantastiskt jobb som styrelsen med Olof i spetsen har jobbat med under verksamhets\u00e5ret 2022\/23 \u00e4r att f\u00e5 tillbaka den ing\u00e5ende momsen f\u00f6r v\u00e4ginsatsen. Ett projekt som landats med lyckat utfall, eller vad s\u00e4gs om ca 6 milj. till f\u00f6reningens konto!<\/p>\n<p><em>Vad kommer f\u00f6reningen att g\u00f6ra med dessa pengar?<\/em><br \/>\n&#8211; Det kommer vi att ber\u00e4tta p\u00e5 st\u00e4mman, s\u00e4ger Degerfeldt.<\/p>\n<p><em>Vad tycker du om att b\u00e4gge f\u00f6reningarna hittat samma plats och datum f\u00f6r sina m\u00f6ten?<\/em><br \/>\n&#8211; Mycket bra och vi hoppas p\u00e5 ett \u00f6kat deltagande. Det \u00e4r alltid viktigt att n\u00e4rvara men speciellt n\u00e4r det handlar om motioner. Beslut i fel riktning kan bli negativt f\u00f6r den enskilde medlemmen samt sj\u00e4lvklart \u00e4ven f\u00f6r f\u00f6reningen.<\/p>\n<p><em>Andra tankar och planer f\u00f6r f\u00f6reningen i ett l\u00e4ngre perspektiv?<\/em><br \/>\n&#8211; Mindre underh\u00e5ll kr\u00e4vs alltid men sj\u00e4lvklart fortsatt kostnadskontroll.<\/p>\n<p><span style=\"color: #800000;\"><em><strong>Fakta Olof Degerfeldt (ordf\u00f6rande Rov\u00f6gerns V\u00e4gsamf\u00e4llighet<\/strong><\/em><\/span><br \/>\n<strong>\u00c5lder:<\/strong> 69 \u00e5r<br \/>\n<strong>Aktiva styrelseuppdrag:<\/strong> 8 stycken *<br \/>\n<strong>Fritidsboende:<\/strong> Rov\u00f6gern<br \/>\n* K\u00e4lla: allabolag.se<\/p>\n<figure id=\"attachment_4589\" aria-describedby=\"caption-attachment-4589\" style=\"width: 575px\" class=\"wp-caption alignnone\"><a href=\"http:\/\/www.ledbag.se\/wp-content\/uploads\/2024\/07\/degerfeldt.jpg\"><img decoding=\"async\" class=\"wp-image-4589\" src=\"http:\/\/www.ledbag.se\/wp-content\/uploads\/2024\/07\/degerfeldt-1024x640.jpg\" alt=\"\" width=\"575\" height=\"359\" srcset=\"https:\/\/www.ledbag.se\/wp-content\/uploads\/2024\/07\/degerfeldt-1024x640.jpg 1024w, https:\/\/www.ledbag.se\/wp-content\/uploads\/2024\/07\/degerfeldt-300x188.jpg 300w, https:\/\/www.ledbag.se\/wp-content\/uploads\/2024\/07\/degerfeldt-768x480.jpg 768w, https:\/\/www.ledbag.se\/wp-content\/uploads\/2024\/07\/degerfeldt-600x375.jpg 600w, https:\/\/www.ledbag.se\/wp-content\/uploads\/2024\/07\/degerfeldt.jpg 1280w\" sizes=\"(max-width: 575px) 100vw, 575px\" \/><\/a><figcaption id=\"caption-attachment-4589\" class=\"wp-caption-text\"><em>Foto: MATS RAGNARSSON<\/em><\/figcaption><\/figure>\n<p style=\"text-align: left;\"><span style=\"color: #993300;\"><strong>HANDLINGAR L\u00d6RDAG 29 JULI<\/strong><\/span><br \/>\n<strong><span style=\"color: #808080;\"><em><a style=\"color: #808080;\" href=\"https:\/\/drive.google.com\/file\/d\/1Qp3uiY01ZEmgBt8OeJXkh8jHaTxR8-Ts\/view\">\u00bb Rov\u00f6gerns V\u00e4gsamf\u00e4llighet &#8211; \u00e5rsredovisning 220501-230430<\/a><\/em><\/span><\/strong><\/p>\n<p><span style=\"color: #808080;\"><em><a style=\"color: #808080;\" href=\"https:\/\/drive.google.com\/file\/d\/1ZRdSniBC4EiimAH_tyNCVwWxMSRZJCeC\/view\"><strong>\u00bb Vattenf\u00f6reningen Rov\u00e5gern &#8211; \u00e5rsredovisning 220501-230430<\/strong><\/a><\/em><\/span><\/p>\n<p><strong><a href=\"https:\/\/www.rovogern.com\/\"><em><span style=\"color: #808080;\">\u00bb F\u00f6reningarnas gemensamma hemsida<\/span><\/em><\/a><\/strong><\/p>\n","protected":false},"excerpt":{"rendered":"<p>\u00c5RSST\u00c4MMOR. Om precis en vecka kommer Vattenf\u00f6reningen Rov\u00e5gern samt Rov\u00f6gerns V\u00e4gsamf\u00e4llighet att h\u00e5lla sina \u00e5rsst\u00e4mmor f\u00f6r verksamhets\u00e5ret 2022\/23. &#8211; Vi har synkroniserat det s\u00e5 att b\u00e4gge f\u00f6reningarna k\u00f6r sina m\u00f6ten efter varandra. Vi hoppas p\u00e5 bra uppslutning d\u00e5 det alltid \u00e4r viktigt att n\u00e4rvara f\u00f6r att kunna g\u00f6ra sin r\u00f6st h\u00f6rd, s\u00e4ger v\u00e4gordf\u00f6rande Olof Degerfeldt &hellip; <\/p>\n<p class=\"link-more\"><a href=\"https:\/\/www.ledbag.se\/?p=4580\" class=\"more-link\">L\u00e4s mer<span class=\"screen-reader-text\"> \u201dTv\u00e5 st\u00e4mmor samma dag \u2013 l\u00f6rdag 29 juli\u201d<\/span><\/a><\/p>\n","protected":false},"author":4,"featured_media":4626,"comment_status":"open","ping_status":"open","sticky":false,"template":"","format":"standard","meta":{"_FSMCFIC_featured_image_caption":"\ud83d\udcf7 MATS RAGNARSSON","_FSMCFIC_featured_image_nocaption":"","_FSMCFIC_featured_image_hide":"","footnotes":""},"categories":[10],"tags":[],"class_list":["post-4580","post","type-post","status-publish","format-standard","has-post-thumbnail","hentry","category-externa-foreningar"],"cc_featured_image_caption":{"caption_text":"","source_text":"","source_url":""},"featured_media_urls":{"thumbnail":["https:\/\/www.ledbag.se\/wp-content\/uploads\/2023\/07\/kvark_4-150x150.jpg",150,150,true],"medium":["https:\/\/www.ledbag.se\/wp-content\/uploads\/2023\/07\/kvark_4-300x188.jpg",300,188,true],"medium_large":["https:\/\/www.ledbag.se\/wp-content\/uploads\/2023\/07\/kvark_4-768x480.jpg",768,480,true],"large":["https:\/\/www.ledbag.se\/wp-content\/uploads\/2023\/07\/kvark_4-1024x640.jpg",950,594,true],"1536x1536":["https:\/\/www.ledbag.se\/wp-content\/uploads\/2023\/07\/kvark_4.jpg",1280,800,false],"2048x2048":["https:\/\/www.ledbag.se\/wp-content\/uploads\/2023\/07\/kvark_4.jpg",1280,800,false],"inspiro-featured-image":["https:\/\/www.ledbag.se\/wp-content\/uploads\/2023\/07\/kvark_4.jpg",1280,800,false],"inspiro-loop":["https:\/\/www.ledbag.se\/wp-content\/uploads\/2023\/07\/kvark_4-950x320.jpg",950,320,true],"inspiro-loop@2x":["https:\/\/www.ledbag.se\/wp-content\/uploads\/2023\/07\/kvark_4-1280x640.jpg",1280,640,true],"portfolio_item-thumbnail":["https:\/\/www.ledbag.se\/wp-content\/uploads\/2023\/07\/kvark_4-600x400.jpg",600,400,true],"portfolio_item-thumbnail@2x":["https:\/\/www.ledbag.se\/wp-content\/uploads\/2023\/07\/kvark_4.jpg",1200,750,false],"portfolio_item-masonry":["https:\/\/www.ledbag.se\/wp-content\/uploads\/2023\/07\/kvark_4-600x375.jpg",600,375,true],"portfolio_item-masonry@2x":["https:\/\/www.ledbag.se\/wp-content\/uploads\/2023\/07\/kvark_4.jpg",1200,750,false],"portfolio_item-thumbnail_cinema":["https:\/\/www.ledbag.se\/wp-content\/uploads\/2023\/07\/kvark_4-800x335.jpg",800,335,true],"portfolio_item-thumbnail_portrait":["https:\/\/www.ledbag.se\/wp-content\/uploads\/2023\/07\/kvark_4-600x800.jpg",600,800,true],"portfolio_item-thumbnail_portrait@2x":["https:\/\/www.ledbag.se\/wp-content\/uploads\/2023\/07\/kvark_4.jpg",1200,750,false],"portfolio_item-thumbnail_square":["https:\/\/www.ledbag.se\/wp-content\/uploads\/2023\/07\/kvark_4-800x800.jpg",800,800,true]},"_links":{"self":[{"href":"https:\/\/www.ledbag.se\/index.php?rest_route=\/wp\/v2\/posts\/4580","targetHints":{"allow":["GET"]}}],"collection":[{"href":"https:\/\/www.ledbag.se\/index.php?rest_route=\/wp\/v2\/posts"}],"about":[{"href":"https:\/\/www.ledbag.se\/index.php?rest_route=\/wp\/v2\/types\/post"}],"author":[{"embeddable":true,"href":"https:\/\/www.ledbag.se\/index.php?rest_route=\/wp\/v2\/users\/4"}],"replies":[{"embeddable":true,"href":"https:\/\/www.ledbag.se\/index.php?rest_route=%2Fwp%2Fv2%2Fcomments&post=4580"}],"version-history":[{"count":38,"href":"https:\/\/www.ledbag.se\/index.php?rest_route=\/wp\/v2\/posts\/4580\/revisions"}],"predecessor-version":[{"id":4627,"href":"https:\/\/www.ledbag.se\/index.php?rest_route=\/wp\/v2\/posts\/4580\/revisions\/4627"}],"wp:featuredmedia":[{"embeddable":true,"href":"https:\/\/www.ledbag.se\/index.php?rest_route=\/wp\/v2\/media\/4626"}],"wp:attachment":[{"href":"https:\/\/www.ledbag.se\/index.php?rest_route=%2Fwp%2Fv2%2Fmedia&parent=4580"}],"wp:term":[{"taxonomy":"category","embeddable":true,"href":"https:\/\/www.ledbag.se\/index.php?rest_route=%2Fwp%2Fv2%2Fcategories&post=4580"},{"taxonomy":"post_tag","embeddable":true,"href":"https:\/\/www.ledbag.se\/index.php?rest_route=%2Fwp%2Fv2%2Ftags&post=4580"}],"curies":[{"name":"wp","href":"https:\/\/api.w.org\/{rel}","templated":true}]}}