{"id":426,"date":"2011-04-20T17:30:53","date_gmt":"2011-04-20T16:30:53","guid":{"rendered":"http:\/\/www.ledbag.se\/?p=426"},"modified":"2011-04-20T17:30:53","modified_gmt":"2011-04-20T16:30:53","slug":"pasken-knackar-pa-och-isen-slapper-sitt-grepp","status":"publish","type":"post","link":"https:\/\/www.ledbag.se\/?p=426","title":{"rendered":"P\u00e5sken knackar p\u00e5 och isen sl\u00e4pper sitt grepp"},"content":{"rendered":"<p><a href=\"http:\/\/www.ledbag.se\/wp-content\/uploads\/2011\/04\/vatten_01425.jpg\"><\/a><a href=\"http:\/\/www.ledbag.se\/wp-content\/uploads\/2011\/04\/vatten2_01426.jpg\"><img fetchpriority=\"high\" decoding=\"async\" class=\"alignnone size-full wp-image-428\" title=\"vatten2_01426\" src=\"http:\/\/www.ledbag.se\/wp-content\/uploads\/2011\/04\/vatten2_01426.jpg\" alt=\"\" width=\"575\" height=\"400\" srcset=\"https:\/\/www.ledbag.se\/wp-content\/uploads\/2011\/04\/vatten2_01426.jpg 575w, https:\/\/www.ledbag.se\/wp-content\/uploads\/2011\/04\/vatten2_01426-300x208.jpg 300w\" sizes=\"(max-width: 575px) 100vw, 575px\" \/><\/a><br \/>\n<strong>Foto: Yngve Johansson<\/strong><\/p>\n<p>Vintern h\u00e5ller p\u00e5 att sl\u00e4ppa sitt grepp, n\u00e5got som v\u00e5r v\u00e4gm\u00e4stare kunde konstatera denna onsdag strax innan vi kliver in i allt p\u00e5skfirande.<br \/>\n&#8211; Om n\u00e5gon \u00e4r sugen p\u00e5 sj\u00f6s\u00e4ttning s\u00e5 \u00e4r det m\u00f6jligt vid B\u00f6dal\u00f6gerns norra udde, s\u00e4ger Yngve till ledbag.se.<\/p>\n<p><!--more--><\/p>\n<p><strong><a href=\"http:\/\/www.ledbag.se\/wp-content\/uploads\/2011\/04\/vatten_01425.jpg\"><img decoding=\"async\" title=\"vatten_01425\" src=\"http:\/\/www.ledbag.se\/wp-content\/uploads\/2011\/04\/vatten_01425.jpg\" alt=\"\" width=\"575\" height=\"400\" \/><\/a><\/strong><\/p>\n","protected":false},"excerpt":{"rendered":"<p>Foto: Yngve Johansson Vintern h\u00e5ller p\u00e5 att sl\u00e4ppa sitt grepp, n\u00e5got som v\u00e5r v\u00e4gm\u00e4stare kunde konstatera denna onsdag strax innan vi kliver in i allt p\u00e5skfirande. &#8211; Om n\u00e5gon \u00e4r sugen p\u00e5 sj\u00f6s\u00e4ttning s\u00e5 \u00e4r det m\u00f6jligt vid B\u00f6dal\u00f6gerns norra udde, s\u00e4ger Yngve till ledbag.se.<\/p>\n","protected":false},"author":2,"featured_media":0,"comment_status":"open","ping_status":"open","sticky":false,"template":"","format":"standard","meta":{"_FSMCFIC_featured_image_caption":"","_FSMCFIC_featured_image_nocaption":"","_FSMCFIC_featured_image_hide":"","footnotes":""},"categories":[3],"tags":[],"class_list":["post-426","post","type-post","status-publish","format-standard","hentry","category-vinter"],"cc_featured_image_caption":{"caption_text":false,"source_text":false,"source_url":false},"featured_media_urls":[],"_links":{"self":[{"href":"https:\/\/www.ledbag.se\/index.php?rest_route=\/wp\/v2\/posts\/426","targetHints":{"allow":["GET"]}}],"collection":[{"href":"https:\/\/www.ledbag.se\/index.php?rest_route=\/wp\/v2\/posts"}],"about":[{"href":"https:\/\/www.ledbag.se\/index.php?rest_route=\/wp\/v2\/types\/post"}],"author":[{"embeddable":true,"href":"https:\/\/www.ledbag.se\/index.php?rest_route=\/wp\/v2\/users\/2"}],"replies":[{"embeddable":true,"href":"https:\/\/www.ledbag.se\/index.php?rest_route=%2Fwp%2Fv2%2Fcomments&post=426"}],"version-history":[{"count":3,"href":"https:\/\/www.ledbag.se\/index.php?rest_route=\/wp\/v2\/posts\/426\/revisions"}],"predecessor-version":[{"id":431,"href":"https:\/\/www.ledbag.se\/index.php?rest_route=\/wp\/v2\/posts\/426\/revisions\/431"}],"wp:attachment":[{"href":"https:\/\/www.ledbag.se\/index.php?rest_route=%2Fwp%2Fv2%2Fmedia&parent=426"}],"wp:term":[{"taxonomy":"category","embeddable":true,"href":"https:\/\/www.ledbag.se\/index.php?rest_route=%2Fwp%2Fv2%2Fcategories&post=426"},{"taxonomy":"post_tag","embeddable":true,"href":"https:\/\/www.ledbag.se\/index.php?rest_route=%2Fwp%2Fv2%2Ftags&post=426"}],"curies":[{"name":"wp","href":"https:\/\/api.w.org\/{rel}","templated":true}]}}