{"id":414,"date":"2011-04-15T19:35:24","date_gmt":"2011-04-15T18:35:24","guid":{"rendered":"http:\/\/www.ledbag.se\/?p=414"},"modified":"2011-04-15T19:46:51","modified_gmt":"2011-04-15T18:46:51","slug":"skrikande-tranor","status":"publish","type":"post","link":"https:\/\/www.ledbag.se\/?p=414","title":{"rendered":"Skrikande tranor"},"content":{"rendered":"<p><a href=\"http:\/\/www.ledbag.se\/wp-content\/uploads\/2011\/04\/faglar2_0096.jpg\"><\/a><a href=\"http:\/\/www.ledbag.se\/wp-content\/uploads\/2011\/04\/faglar1_0092.jpg\"><img fetchpriority=\"high\" decoding=\"async\" class=\"alignnone size-full wp-image-412\" title=\"f\u00e5glar_110415_yj\" src=\"http:\/\/www.ledbag.se\/wp-content\/uploads\/2011\/04\/faglar1_0092.jpg\" alt=\"\" width=\"575\" height=\"400\" srcset=\"https:\/\/www.ledbag.se\/wp-content\/uploads\/2011\/04\/faglar1_0092.jpg 575w, https:\/\/www.ledbag.se\/wp-content\/uploads\/2011\/04\/faglar1_0092-300x208.jpg 300w\" sizes=\"(max-width: 575px) 100vw, 575px\" \/><\/a><br \/>\n<strong>Foto: Yngve Johansson<\/strong><\/p>\n<p>\u00c4nnu en dag n\u00e4rmare Valborgsm\u00e4ssoafton, ute i v\u00e5rt stugomr\u00e5de har redaktionens h\u00f6gra hand f\u00e5ngat ett s\u00e4kert v\u00e5rtecken.\u00a0<br \/>\n&#8211;\u00a0I b\u00f6rjan av veckan s\u00e5 h\u00f6rde vi tranorna skrika borta vid hebbersvarpe och i dag kunde vi se dem p\u00e5 l\u00e5ngt avst\u00e5nd, s\u00e4ger Yngve Johansson till ledbag.se.<\/p>\n<p><!--more--><\/p>\n<p><a href=\"http:\/\/www.ledbag.se\/wp-content\/uploads\/2011\/04\/faglar2_0096.jpg\"><img decoding=\"async\" title=\"f\u00e5glar_110415_yj\" src=\"http:\/\/www.ledbag.se\/wp-content\/uploads\/2011\/04\/faglar2_0096.jpg\" alt=\"\" width=\"575\" height=\"400\" \/><\/a><\/p>\n","protected":false},"excerpt":{"rendered":"<p>Foto: Yngve Johansson \u00c4nnu en dag n\u00e4rmare Valborgsm\u00e4ssoafton, ute i v\u00e5rt stugomr\u00e5de har redaktionens h\u00f6gra hand f\u00e5ngat ett s\u00e4kert v\u00e5rtecken.\u00a0 &#8211;\u00a0I b\u00f6rjan av veckan s\u00e5 h\u00f6rde vi tranorna skrika borta vid hebbersvarpe och i dag kunde vi se dem p\u00e5 l\u00e5ngt avst\u00e5nd, s\u00e4ger Yngve Johansson till ledbag.se.<\/p>\n","protected":false},"author":1,"featured_media":0,"comment_status":"open","ping_status":"open","sticky":false,"template":"","format":"standard","meta":{"_FSMCFIC_featured_image_caption":"","_FSMCFIC_featured_image_nocaption":"","_FSMCFIC_featured_image_hide":"","footnotes":""},"categories":[3],"tags":[],"class_list":["post-414","post","type-post","status-publish","format-standard","hentry","category-vinter"],"cc_featured_image_caption":{"caption_text":false,"source_text":false,"source_url":false},"featured_media_urls":[],"_links":{"self":[{"href":"https:\/\/www.ledbag.se\/index.php?rest_route=\/wp\/v2\/posts\/414","targetHints":{"allow":["GET"]}}],"collection":[{"href":"https:\/\/www.ledbag.se\/index.php?rest_route=\/wp\/v2\/posts"}],"about":[{"href":"https:\/\/www.ledbag.se\/index.php?rest_route=\/wp\/v2\/types\/post"}],"author":[{"embeddable":true,"href":"https:\/\/www.ledbag.se\/index.php?rest_route=\/wp\/v2\/users\/1"}],"replies":[{"embeddable":true,"href":"https:\/\/www.ledbag.se\/index.php?rest_route=%2Fwp%2Fv2%2Fcomments&post=414"}],"version-history":[{"count":3,"href":"https:\/\/www.ledbag.se\/index.php?rest_route=\/wp\/v2\/posts\/414\/revisions"}],"predecessor-version":[{"id":416,"href":"https:\/\/www.ledbag.se\/index.php?rest_route=\/wp\/v2\/posts\/414\/revisions\/416"}],"wp:attachment":[{"href":"https:\/\/www.ledbag.se\/index.php?rest_route=%2Fwp%2Fv2%2Fmedia&parent=414"}],"wp:term":[{"taxonomy":"category","embeddable":true,"href":"https:\/\/www.ledbag.se\/index.php?rest_route=%2Fwp%2Fv2%2Fcategories&post=414"},{"taxonomy":"post_tag","embeddable":true,"href":"https:\/\/www.ledbag.se\/index.php?rest_route=%2Fwp%2Fv2%2Ftags&post=414"}],"curies":[{"name":"wp","href":"https:\/\/api.w.org\/{rel}","templated":true}]}}