{"id":405,"date":"2011-04-05T15:58:20","date_gmt":"2011-04-05T14:58:20","guid":{"rendered":"http:\/\/www.ledbag.se\/?p=405"},"modified":"2011-04-05T16:00:38","modified_gmt":"2011-04-05T15:00:38","slug":"dagsaktuella-bilder-fran-en-harlig-dag","status":"publish","type":"post","link":"https:\/\/www.ledbag.se\/?p=405","title":{"rendered":"Dagsaktuella bilder fr\u00e5n en h\u00e4rlig dag"},"content":{"rendered":"<p><a href=\"http:\/\/www.ledbag.se\/wp-content\/uploads\/2011\/04\/svanar_0037.jpg\"><img fetchpriority=\"high\" decoding=\"async\" class=\"alignnone size-full wp-image-406\" title=\"svanar_0037\" src=\"http:\/\/www.ledbag.se\/wp-content\/uploads\/2011\/04\/svanar_0037.jpg\" alt=\"\" width=\"575\" height=\"400\" srcset=\"https:\/\/www.ledbag.se\/wp-content\/uploads\/2011\/04\/svanar_0037.jpg 575w, https:\/\/www.ledbag.se\/wp-content\/uploads\/2011\/04\/svanar_0037-300x208.jpg 300w\" sizes=\"(max-width: 575px) 100vw, 575px\" \/><\/a><br \/>\n<strong>Foto: YNGVE JOHANSSON<\/strong><\/p>\n<p>V\u00e4gm\u00e4staren h\u00e5ller oss med dagsaktuella bilder.<br \/>\n&#8211; Idag\u00a0 har de f\u00f6rsta\u00a0svanarna och \u00e4ven\u00a0ett par gr\u00e4s\u00e4nder\u00a0landat i Kurts viken. P\u00e5 B\u00e5del\u00f6gern\u00a0har vi i dag sett b\u00e5de\u00a0bofink och koltrast. V\u00e4gen\u00a0verkar rinna av bra tack vare Kurts sn\u00e4lla dikning, m\u00e5tte\u00a0vi nu slippa tunga fordon tills v\u00e4gen torkat upp, s\u00e4ger Yngve Johansson.<\/p>\n<p><!--more--><\/p>\n<p><a href=\"http:\/\/www.ledbag.se\/wp-content\/uploads\/2011\/04\/vag_2_0038.jpg\"><img decoding=\"async\" class=\"alignnone size-full wp-image-407\" title=\"vag_2_0038\" src=\"http:\/\/www.ledbag.se\/wp-content\/uploads\/2011\/04\/vag_2_0038.jpg\" alt=\"\" width=\"575\" height=\"400\" srcset=\"https:\/\/www.ledbag.se\/wp-content\/uploads\/2011\/04\/vag_2_0038.jpg 575w, https:\/\/www.ledbag.se\/wp-content\/uploads\/2011\/04\/vag_2_0038-300x208.jpg 300w\" sizes=\"(max-width: 575px) 100vw, 575px\" \/><\/a><\/p>\n","protected":false},"excerpt":{"rendered":"<p>Foto: YNGVE JOHANSSON V\u00e4gm\u00e4staren h\u00e5ller oss med dagsaktuella bilder. &#8211; Idag\u00a0 har de f\u00f6rsta\u00a0svanarna och \u00e4ven\u00a0ett par gr\u00e4s\u00e4nder\u00a0landat i Kurts viken. P\u00e5 B\u00e5del\u00f6gern\u00a0har vi i dag sett b\u00e5de\u00a0bofink och koltrast. V\u00e4gen\u00a0verkar rinna av bra tack vare Kurts sn\u00e4lla dikning, m\u00e5tte\u00a0vi nu slippa tunga fordon tills v\u00e4gen torkat upp, s\u00e4ger Yngve Johansson.<\/p>\n","protected":false},"author":2,"featured_media":0,"comment_status":"open","ping_status":"open","sticky":false,"template":"","format":"standard","meta":{"_FSMCFIC_featured_image_caption":"","_FSMCFIC_featured_image_nocaption":"","_FSMCFIC_featured_image_hide":"","footnotes":""},"categories":[4],"tags":[],"class_list":["post-405","post","type-post","status-publish","format-standard","hentry","category-var"],"cc_featured_image_caption":{"caption_text":false,"source_text":false,"source_url":false},"featured_media_urls":[],"_links":{"self":[{"href":"https:\/\/www.ledbag.se\/index.php?rest_route=\/wp\/v2\/posts\/405","targetHints":{"allow":["GET"]}}],"collection":[{"href":"https:\/\/www.ledbag.se\/index.php?rest_route=\/wp\/v2\/posts"}],"about":[{"href":"https:\/\/www.ledbag.se\/index.php?rest_route=\/wp\/v2\/types\/post"}],"author":[{"embeddable":true,"href":"https:\/\/www.ledbag.se\/index.php?rest_route=\/wp\/v2\/users\/2"}],"replies":[{"embeddable":true,"href":"https:\/\/www.ledbag.se\/index.php?rest_route=%2Fwp%2Fv2%2Fcomments&post=405"}],"version-history":[{"count":3,"href":"https:\/\/www.ledbag.se\/index.php?rest_route=\/wp\/v2\/posts\/405\/revisions"}],"predecessor-version":[{"id":409,"href":"https:\/\/www.ledbag.se\/index.php?rest_route=\/wp\/v2\/posts\/405\/revisions\/409"}],"wp:attachment":[{"href":"https:\/\/www.ledbag.se\/index.php?rest_route=%2Fwp%2Fv2%2Fmedia&parent=405"}],"wp:term":[{"taxonomy":"category","embeddable":true,"href":"https:\/\/www.ledbag.se\/index.php?rest_route=%2Fwp%2Fv2%2Fcategories&post=405"},{"taxonomy":"post_tag","embeddable":true,"href":"https:\/\/www.ledbag.se\/index.php?rest_route=%2Fwp%2Fv2%2Ftags&post=405"}],"curies":[{"name":"wp","href":"https:\/\/api.w.org\/{rel}","templated":true}]}}