{"id":336,"date":"2011-03-17T11:14:45","date_gmt":"2011-03-17T10:14:45","guid":{"rendered":"http:\/\/www.ledbag.se\/?p=336"},"modified":"2011-03-17T11:34:31","modified_gmt":"2011-03-17T10:34:31","slug":"operation-avverkning-pagaar","status":"publish","type":"post","link":"https:\/\/www.ledbag.se\/?p=336","title":{"rendered":"OPERATION AVVERKNING P\u00c5G\u00c5R"},"content":{"rendered":"<p><a href=\"http:\/\/www.ledbag.se\/wp-content\/uploads\/2011\/03\/avverkning_2.jpg\"><\/a><a href=\"http:\/\/www.ledbag.se\/wp-content\/uploads\/2011\/03\/avverkning_1.jpg\"><\/a><\/p>\n<p><a href=\"http:\/\/www.ledbag.se\/wp-content\/uploads\/2011\/03\/avverkning_3.jpg\"><img fetchpriority=\"high\" decoding=\"async\" class=\"alignnone size-full wp-image-337\" title=\"avverkning_3\" src=\"http:\/\/www.ledbag.se\/wp-content\/uploads\/2011\/03\/avverkning_3.jpg\" alt=\"\" width=\"575\" height=\"431\" srcset=\"https:\/\/www.ledbag.se\/wp-content\/uploads\/2011\/03\/avverkning_3.jpg 575w, https:\/\/www.ledbag.se\/wp-content\/uploads\/2011\/03\/avverkning_3-300x224.jpg 300w\" sizes=\"(max-width: 575px) 100vw, 575px\" \/><\/a><br \/>\n<strong>Foto: Yngve Johansson<\/strong><\/p>\n<p>Denna dag \u00e4ndrar landskapet skepnad ute p\u00e5 B\u00e5del\u00f6gern.<br \/>\n&#8211; Jonas fr\u00e5n\u00a0T\u00e4fte\u00e5 \u00e4r h\u00e4r idag, rapporterar\u00a0v\u00e4gm\u00e4staren till ledbag.se.<\/p>\n<p><!--more--><br \/>\n<strong>Str\u00e5lande v\u00e4der<\/strong><br \/>\nV\u00e4dergudarna \u00e4r med \u00e4ven denna dag.<\/p>\n<p><a href=\"http:\/\/www.ledbag.se\/wp-content\/uploads\/2011\/03\/avverkning_2.jpg\"><img decoding=\"async\" title=\"avverkning_2\" src=\"http:\/\/www.ledbag.se\/wp-content\/uploads\/2011\/03\/avverkning_2.jpg\" alt=\"\" width=\"575\" height=\"431\" \/><\/a><\/p>\n<p><a href=\"http:\/\/www.ledbag.se\/wp-content\/uploads\/2011\/03\/avverkning_1.jpg\"><img decoding=\"async\" title=\"avverkning_1\" src=\"http:\/\/www.ledbag.se\/wp-content\/uploads\/2011\/03\/avverkning_1.jpg\" alt=\"\" width=\"575\" height=\"431\" \/><\/a><\/p>\n","protected":false},"excerpt":{"rendered":"<p>Foto: Yngve Johansson Denna dag \u00e4ndrar landskapet skepnad ute p\u00e5 B\u00e5del\u00f6gern. &#8211; Jonas fr\u00e5n\u00a0T\u00e4fte\u00e5 \u00e4r h\u00e4r idag, rapporterar\u00a0v\u00e4gm\u00e4staren till ledbag.se.<\/p>\n","protected":false},"author":2,"featured_media":0,"comment_status":"open","ping_status":"open","sticky":false,"template":"","format":"standard","meta":{"_FSMCFIC_featured_image_caption":"","_FSMCFIC_featured_image_nocaption":"","_FSMCFIC_featured_image_hide":"","footnotes":""},"categories":[3],"tags":[],"class_list":["post-336","post","type-post","status-publish","format-standard","hentry","category-vinter"],"cc_featured_image_caption":{"caption_text":false,"source_text":false,"source_url":false},"featured_media_urls":[],"_links":{"self":[{"href":"https:\/\/www.ledbag.se\/index.php?rest_route=\/wp\/v2\/posts\/336","targetHints":{"allow":["GET"]}}],"collection":[{"href":"https:\/\/www.ledbag.se\/index.php?rest_route=\/wp\/v2\/posts"}],"about":[{"href":"https:\/\/www.ledbag.se\/index.php?rest_route=\/wp\/v2\/types\/post"}],"author":[{"embeddable":true,"href":"https:\/\/www.ledbag.se\/index.php?rest_route=\/wp\/v2\/users\/2"}],"replies":[{"embeddable":true,"href":"https:\/\/www.ledbag.se\/index.php?rest_route=%2Fwp%2Fv2%2Fcomments&post=336"}],"version-history":[{"count":5,"href":"https:\/\/www.ledbag.se\/index.php?rest_route=\/wp\/v2\/posts\/336\/revisions"}],"predecessor-version":[{"id":343,"href":"https:\/\/www.ledbag.se\/index.php?rest_route=\/wp\/v2\/posts\/336\/revisions\/343"}],"wp:attachment":[{"href":"https:\/\/www.ledbag.se\/index.php?rest_route=%2Fwp%2Fv2%2Fmedia&parent=336"}],"wp:term":[{"taxonomy":"category","embeddable":true,"href":"https:\/\/www.ledbag.se\/index.php?rest_route=%2Fwp%2Fv2%2Fcategories&post=336"},{"taxonomy":"post_tag","embeddable":true,"href":"https:\/\/www.ledbag.se\/index.php?rest_route=%2Fwp%2Fv2%2Ftags&post=336"}],"curies":[{"name":"wp","href":"https:\/\/api.w.org\/{rel}","templated":true}]}}