{"id":326,"date":"2011-03-13T14:45:23","date_gmt":"2011-03-13T13:45:23","guid":{"rendered":"http:\/\/www.ledbag.se\/?p=326"},"modified":"2011-03-13T23:41:13","modified_gmt":"2011-03-13T22:41:13","slug":"vagen-korbar-igen","status":"publish","type":"post","link":"https:\/\/www.ledbag.se\/?p=326","title":{"rendered":"V\u00c4GEN K\u00d6RBAR IGEN"},"content":{"rendered":"<p><a href=\"http:\/\/www.ledbag.se\/wp-content\/uploads\/2011\/03\/nisse_110313.jpg\"><img fetchpriority=\"high\" decoding=\"async\" class=\"alignnone size-full wp-image-327\" title=\"nisse_110313\" src=\"http:\/\/www.ledbag.se\/wp-content\/uploads\/2011\/03\/nisse_110313.jpg\" alt=\"\" width=\"575\" height=\"400\" srcset=\"https:\/\/www.ledbag.se\/wp-content\/uploads\/2011\/03\/nisse_110313.jpg 575w, https:\/\/www.ledbag.se\/wp-content\/uploads\/2011\/03\/nisse_110313-300x208.jpg 300w\" sizes=\"(max-width: 575px) 100vw, 575px\" \/><\/a><br \/>\n<strong>Foto: Mats Ragnarsson<\/strong><\/p>\n<p>I fredags fick redaktionen bildbevis att det inte riktigt var l\u00e4ge att f\u00f6rs\u00f6ka ta sig ut eller fr\u00e5n v\u00e5rt stugomr\u00e5de.<br \/>\nMed anledning av detta s\u00e5 \u00e5kte far och son Ragnarsson ut f\u00f6r att kolla in statusen denna dag.<br \/>\n&#8211; Idag var det inga problem med ta sig fram. Visst ser det fint ut, men visst har vi f\u00e5tt nog med sn\u00f6, s\u00e4ger Nisse med glimten i \u00f6gat.<\/p>\n<p><!--more--><\/p>\n<p><strong>Guld v\u00e4rd<\/strong><br \/>\n\u00c4ven om vi fr\u00e5n denna vinter har anlitat KMH:S \u00c5keri i Ume\u00e5 AB\u00a0 att h\u00e5lla v\u00e4gen k\u00f6rbar s\u00e5 finns Yngve Johansson tillhands med sin traktor och kan t\u00e4cka upp mellan varven.<\/p>\n<p>&#8211; F\u00f6r omr\u00e5det \u00e4r det guld att ha en egen v\u00e4gm\u00e4stare i form av Yngve Johansson som ser till och rapporterar till oss \u00f6vrig, menar Nils Ragnarson.<\/p>\n<p><a href=\"http:\/\/www.ledbag.se\/wp-content\/uploads\/2011\/03\/yngves-traktor-110313.jpg\"><img decoding=\"async\" class=\"alignnone size-full wp-image-331\" title=\"yngves-traktor-110313\" src=\"http:\/\/www.ledbag.se\/wp-content\/uploads\/2011\/03\/yngves-traktor-110313.jpg\" alt=\"\" width=\"575\" height=\"400\" srcset=\"https:\/\/www.ledbag.se\/wp-content\/uploads\/2011\/03\/yngves-traktor-110313.jpg 575w, https:\/\/www.ledbag.se\/wp-content\/uploads\/2011\/03\/yngves-traktor-110313-300x208.jpg 300w\" sizes=\"(max-width: 575px) 100vw, 575px\" \/><\/a><br \/>\n<strong>GAMMAL \u00c4R \u00c4LDST!<\/strong> V\u00e5r v\u00e4gm\u00e4stare Yngve Johansson har sutit m\u00e5nga timmar i denna klassiska traktor som brukar synas efter v\u00e4gen, vinter som sommar.<\/p>\n","protected":false},"excerpt":{"rendered":"<p>Foto: Mats Ragnarsson I fredags fick redaktionen bildbevis att det inte riktigt var l\u00e4ge att f\u00f6rs\u00f6ka ta sig ut eller fr\u00e5n v\u00e5rt stugomr\u00e5de. Med anledning av detta s\u00e5 \u00e5kte far och son Ragnarsson ut f\u00f6r att kolla in statusen denna dag. &#8211; Idag var det inga problem med ta sig fram. Visst ser det fint &hellip; <\/p>\n<p class=\"link-more\"><a href=\"https:\/\/www.ledbag.se\/?p=326\" class=\"more-link\">L\u00e4s mer<span class=\"screen-reader-text\"> \u201dV\u00c4GEN K\u00d6RBAR IGEN\u201d<\/span><\/a><\/p>\n","protected":false},"author":2,"featured_media":0,"comment_status":"open","ping_status":"open","sticky":false,"template":"","format":"standard","meta":{"_FSMCFIC_featured_image_caption":"","_FSMCFIC_featured_image_nocaption":"","_FSMCFIC_featured_image_hide":"","footnotes":""},"categories":[3],"tags":[],"class_list":["post-326","post","type-post","status-publish","format-standard","hentry","category-vinter"],"cc_featured_image_caption":{"caption_text":false,"source_text":false,"source_url":false},"featured_media_urls":[],"_links":{"self":[{"href":"https:\/\/www.ledbag.se\/index.php?rest_route=\/wp\/v2\/posts\/326","targetHints":{"allow":["GET"]}}],"collection":[{"href":"https:\/\/www.ledbag.se\/index.php?rest_route=\/wp\/v2\/posts"}],"about":[{"href":"https:\/\/www.ledbag.se\/index.php?rest_route=\/wp\/v2\/types\/post"}],"author":[{"embeddable":true,"href":"https:\/\/www.ledbag.se\/index.php?rest_route=\/wp\/v2\/users\/2"}],"replies":[{"embeddable":true,"href":"https:\/\/www.ledbag.se\/index.php?rest_route=%2Fwp%2Fv2%2Fcomments&post=326"}],"version-history":[{"count":5,"href":"https:\/\/www.ledbag.se\/index.php?rest_route=\/wp\/v2\/posts\/326\/revisions"}],"predecessor-version":[{"id":329,"href":"https:\/\/www.ledbag.se\/index.php?rest_route=\/wp\/v2\/posts\/326\/revisions\/329"}],"wp:attachment":[{"href":"https:\/\/www.ledbag.se\/index.php?rest_route=%2Fwp%2Fv2%2Fmedia&parent=326"}],"wp:term":[{"taxonomy":"category","embeddable":true,"href":"https:\/\/www.ledbag.se\/index.php?rest_route=%2Fwp%2Fv2%2Fcategories&post=326"},{"taxonomy":"post_tag","embeddable":true,"href":"https:\/\/www.ledbag.se\/index.php?rest_route=%2Fwp%2Fv2%2Ftags&post=326"}],"curies":[{"name":"wp","href":"https:\/\/api.w.org\/{rel}","templated":true}]}}