{"id":2855,"date":"2018-04-17T17:00:26","date_gmt":"2018-04-17T16:00:26","guid":{"rendered":"http:\/\/www.ledbag.se\/?p=2855"},"modified":"2018-04-17T19:42:35","modified_gmt":"2018-04-17T18:42:35","slug":"fiber","status":"publish","type":"post","link":"https:\/\/www.ledbag.se\/?p=2855","title":{"rendered":"Redaktionen lyfte luren till Ume\u00e5 Energi"},"content":{"rendered":"<p><span style=\"color: #ff0000;\"><b>CYBERV\u00c4RLDEN.<\/b><\/span> <b>Det har nog inte g\u00e5tt n\u00e5gon f\u00f6rbi att i samband med den nya v\u00e4gen fr\u00e5n T\u00e4fte\u00e5 ut till Kvarken Fisk fanns det m\u00f6jlighet att anm\u00e4la sitt intresse f\u00f6r bredband via Ume\u00e5 Energi och projektet \u201dbidragsomr\u00e5de T\u00e4fte\u00e5fj\u00e4dern\u201d<\/b><b><br \/>\n<\/b><b>&#8211; De boende efter Rov\u00e5gernsv\u00e4gen som tecknat avtal har nu tillg\u00e5ng till bredband. V\u00e5rt projekt forts\u00e4tter och nu i tur \u00e4r att f\u00e5 med de som anm\u00e4lt sitt intresse runt Lax\u00f6gern under v\u00e5ren, ber\u00e4ttar Emelie Brostr\u00f6m, Projektadministrat\u00f6r Bredband, hos Ume\u00e5 Energi till ledbag.se<\/b><\/p>\n<p><b>Nul\u00e4gesrapport<\/b><b><br \/>\n<\/b><span style=\"font-weight: 400;\">Fr\u00e5n webbredaktionen lyfte vi luren till Emelie Brostr\u00f6m f\u00f6r att f\u00f6rs\u00f6ka reda ut status f\u00f6r detta sp\u00e4nnande projekt att via denna dragning kunna koppla upp sig mot internet, telefoni samt andra tj\u00e4nster. Kanske inte nummer ett f\u00f6r alla i omr\u00e5det men v\u00e5rt samh\u00e4lle g\u00e5r allt mera att s\u00f6ka och hitta igen olika saker via internet \/ anv\u00e4nda tj\u00e4nster och till det prisv\u00e4rda erbjudandet s\u00e5 \u00e4r det f\u00f6rh\u00e5llandevis m\u00e5nga som har anm\u00e4lt intresse.<\/span><\/p>\n<p><b><i><span style=\"color: #800000;\">Om vi backar bandet. Varf\u00f6r fick inte v\u00e5rt omr\u00e5de vara med s\u00e5 att vi redan nu kunde vara inkopplad?<\/span><br \/>\n<\/i><\/b><span style=\"font-weight: 400;\">&#8211; F\u00f6rra \u00e5ret blev det best\u00e4mt att Rov\u00e5gersv\u00e4gen skulle byggas ut \u00a0och vi fick d\u00e5 m\u00f6jlighet att passa p\u00e5 att l\u00e4gga ned bredband i v\u00e4gkanten i samband med v\u00e4garbetet. Det innebar dock att projekteringen av hela omr\u00e5det beh\u00f6vde g\u00e5 snabbare \u00e4n vi f\u00f6rst r\u00e4knat med och vi fick fokusera p\u00e5 planeringen av den v\u00e4stra sidan av T\u00e4ftefj\u00e4rden.<\/span><\/p>\n<p>&#8211; Nu har turen kommit till Lax\u00f6gern, Ledsk\u00e4rsudden och d\u00e4refter hela omr\u00e5det mellan Skeppsvik och Ivarsboda, n\u00e5got vi verkligen ser fram emot!<\/p>\n<p><b><i><span style=\"color: #800000;\">Hur kommer v\u00e5r dragning att ske tekniskt n\u00e4r tj\u00e4len g\u00e5tt ur marken?<\/span><br \/>\n<\/i><\/b><span style=\"font-weight: 400;\">&#8211; Vi kommer till st\u00f6rsta del att gr\u00e4va i v\u00e4gkant f\u00f6r att f\u00f6rl\u00e4gga stamn\u00e4tet f\u00f6r bredbandet. Vi gr\u00e4ver ned r\u00f6r f\u00f6r fiberkabeln till ett djup av cirka 50 centimeter, och ut\u00f6ver r\u00f6ren gr\u00e4ver vi \u00e4ven ned fiberbrunnar d\u00e4r skarvningen mellan alla olika r\u00f6r kommer att ske.<\/span><\/p>\n<p>&#8211; Fiberbrunnarna f\u00f6rl\u00e4ggs i markniv\u00e5 och kommer inte synas mer \u00e4n en metallplatta i v\u00e4gkanten n\u00e4r vi \u00e4r klara. Ut\u00f6ver r\u00f6ren f\u00f6r fiberkabel s\u00e5 passar vi \u00e4ven p\u00e5 att f\u00f6rst\u00e4rka eln\u00e4tet, vi l\u00e4gger ned jordkabel i samma schakt som bredbandet, bygger en ny n\u00e4tstation och ett antal kabelsk\u00e5p.<\/p>\n<p>&#8211; N\u00e4r stamn\u00e4tet \u00e4r klart och all gr\u00e4vning inne p\u00e5 era tomter \u00e4r f\u00e4rdigst\u00e4lld kommer vi bl\u00e5sa in fiberkabeln i r\u00f6ren med hj\u00e4lp av tryckluft. N\u00e4r all kabel \u00e4r p\u00e5 plats kommer vi kunna p\u00e5b\u00f6rja installationerna in i husen, ni blir kontaktade av v\u00e5r entrepren\u00f6r i god tid s\u00e5 att ni f\u00e5r m\u00f6jlighet att boka en tid som passar er.<\/p>\n<p><span style=\"font-weight: 400;\">&#8211; Vid installationen borras ett h\u00e5l i fasaden d\u00e4r fiberkabeln dras in och fiberkonvertern monteras direkt p\u00e5 insidan av v\u00e4ggen. P\u00e5 fasaden kommer fiberkabeln att skyddas av ett metallr\u00f6r. Mont\u00f6rerna kontrollerar utrustningen innan de g\u00e5r och direkt allt \u00e4r p\u00e5 plats kan ni koppla upp er och b\u00f6rja surfa. <\/span><\/p>\n<p><b><i><span style=\"color: #800000;\">N\u00e4r kan vi f\u00f6rv\u00e4nta oss f\u00f6rsta spadtaget och n\u00e4r \u00e4r det realistiskt att vi kan vara inkopplade?<\/span><br \/>\n<\/i><\/b><span style=\"font-weight: 400;\">&#8211; Vi siktar p\u00e5 att p\u00e5b\u00f6rja gr\u00e4vningen under mitten av maj eller b\u00f6rjan av juni, lite beroende p\u00e5 hur snabbt det t\u00f6ar undan och tj\u00e4len sl\u00e4pper. N\u00e4r installationerna kan p\u00e5b\u00f6rjas \u00e4r inte klart \u00e4nnu, vi kommer h\u00f6ra av oss med en mer detaljerad tidsplan inom de n\u00e4rmsta veckorna. <\/span><\/p>\n<p><b><i><span style=\"color: #800000;\">Den som mot f\u00f6rmodan inte har anm\u00e4lt sig och skulle vilja hoppa p\u00e5. Hur g\u00f6r man d\u00e5 och hur ser prisbilden ut nu?<\/span><br \/>\n<\/i><\/b><span style=\"font-weight: 400;\">&#8211; Anm\u00e4lan till \u00e5rets anslutningar st\u00e4ngdes vid \u00e5rsskiftet och upphandlingen av entreprenaden \u00e4r slutf\u00f6rd. Det inneb\u00e4r att vi inte kan l\u00e4gga till n\u00e5gra fler adresser i \u00e5rets utbyggnad. Det g\u00e5r d\u00e4remot bra att anm\u00e4la sitt intresse f\u00f6r efteranslutning, det inneb\u00e4r att gr\u00e4vning och anslutning utf\u00f6rs n\u00e4r vi har tillr\u00e4ckligt m\u00e5nga anm\u00e4lda inom omr\u00e5det.<\/span><\/p>\n<p>&#8211; Anslutningspriset best\u00e4ms utifr\u00e5n individuell offert och fr\u00e5n 16\u00a0000kr. M\u00e5nadskostnaden vid efteranslutning \u00e4r densamma som ordinarie stadsn\u00e4t, 100 Mbit\/s f\u00f6r 349 kr\/m\u00e5nad + internetaccess fr\u00e5n vald tj\u00e4nsteleverant\u00f6r (ca 90 kr). \u00c4ven vid efteranslutning g\u00e4ller en m\u00e5nads upps\u00e4gningstid p\u00e5 tj\u00e4nsterna, det g\u00e5r allts\u00e5 v\u00e4lja att ha abonnemangen aktiva endast den tid huset anv\u00e4nds.<\/p>\n<p><b><i><span style=\"color: #800000;\">De som redan \u00e4r inkopplade har de upplevt n\u00e5gra problem med den befintliga anl\u00e4ggningen?<\/span><br \/>\n&#8211;\u00a0<\/i><\/b>Nej, allt har rullat p\u00e5 enligt plan.<\/p>\n<p><b><i><span style=\"color: #800000;\">Hur ser det ut med erbjudanden fr\u00e5n Ume\u00e5 Energi att kunna anv\u00e4nda internet, telefoni? Anm\u00e4ler man fr\u00e5n varje enskild fastighet, eller?<\/span><br \/>\n<\/i><\/b><span style=\"font-weight: 400;\">&#8211; Man anm\u00e4ler fr\u00e5n varje enskild fastighet. F\u00f6r att komma ig\u00e5ng med bredbandet beh\u00f6ver ni teckna ett avtal med Ume\u00e5 Energi Bredband f\u00f6r n\u00e4tdelen, och d\u00e4refter \u00e4ven ett avtal med en tj\u00e4nsteleverant\u00f6r f\u00f6r internetaccessen. <\/span><\/p>\n<p><span style=\"font-weight: 400;\">&#8211; Ni kan redan nu kika in p\u00e5 v\u00e5r portal, www.ume.net, f\u00f6r att se vilka tj\u00e4nsteleverant\u00f6rer som finns tillg\u00e4ngliga, vilka priser som g\u00e4ller och vilka m\u00f6jligheter som finns till bredbands-tv och ip-telefoni.<\/span> <b><i><br \/>\n<\/i><\/b><\/p>\n<p><span style=\"color: #800000;\"><em><strong>Tack f\u00f6r pratstunden!<\/strong><\/em><\/span><br \/>\n&#8211; Tack sj\u00e4lv!<\/p>\n<p>&nbsp;<\/p>\n","protected":false},"excerpt":{"rendered":"<p>CYBERV\u00c4RLDEN. Det har nog inte g\u00e5tt n\u00e5gon f\u00f6rbi att i samband med den nya v\u00e4gen fr\u00e5n T\u00e4fte\u00e5 ut till Kvarken Fisk fanns det m\u00f6jlighet att anm\u00e4la sitt intresse f\u00f6r bredband via Ume\u00e5 Energi och projektet \u201dbidragsomr\u00e5de T\u00e4fte\u00e5fj\u00e4dern\u201d &#8211; De boende efter Rov\u00e5gernsv\u00e4gen som tecknat avtal har nu tillg\u00e5ng till bredband. V\u00e5rt projekt forts\u00e4tter och nu &hellip; <\/p>\n<p class=\"link-more\"><a href=\"https:\/\/www.ledbag.se\/?p=2855\" class=\"more-link\">L\u00e4s mer<span class=\"screen-reader-text\"> \u201dRedaktionen lyfte luren till Ume\u00e5 Energi\u201d<\/span><\/a><\/p>\n","protected":false},"author":4,"featured_media":2865,"comment_status":"open","ping_status":"open","sticky":false,"template":"","format":"standard","meta":{"_FSMCFIC_featured_image_caption":"","_FSMCFIC_featured_image_nocaption":"","_FSMCFIC_featured_image_hide":"","footnotes":""},"categories":[4],"tags":[],"class_list":["post-2855","post","type-post","status-publish","format-standard","has-post-thumbnail","hentry","category-var"],"cc_featured_image_caption":{"caption_text":false,"source_text":false,"source_url":false},"featured_media_urls":{"thumbnail":["https:\/\/www.ledbag.se\/wp-content\/uploads\/2019\/03\/Gr\u00e4vning-utan-loggor_mindre-150x150.jpg",150,150,true],"medium":["https:\/\/www.ledbag.se\/wp-content\/uploads\/2019\/03\/Gr\u00e4vning-utan-loggor_mindre-300x200.jpg",300,200,true],"medium_large":["https:\/\/www.ledbag.se\/wp-content\/uploads\/2019\/03\/Gr\u00e4vning-utan-loggor_mindre-768x512.jpg",768,512,true],"large":["https:\/\/www.ledbag.se\/wp-content\/uploads\/2019\/03\/Gr\u00e4vning-utan-loggor_mindre.jpg",877,585,false],"1536x1536":["https:\/\/www.ledbag.se\/wp-content\/uploads\/2019\/03\/Gr\u00e4vning-utan-loggor_mindre.jpg",877,585,false],"2048x2048":["https:\/\/www.ledbag.se\/wp-content\/uploads\/2019\/03\/Gr\u00e4vning-utan-loggor_mindre.jpg",877,585,false],"inspiro-featured-image":["https:\/\/www.ledbag.se\/wp-content\/uploads\/2019\/03\/Gr\u00e4vning-utan-loggor_mindre.jpg",877,585,false],"inspiro-loop":["https:\/\/www.ledbag.se\/wp-content\/uploads\/2019\/03\/Gr\u00e4vning-utan-loggor_mindre.jpg",480,320,false],"inspiro-loop@2x":["https:\/\/www.ledbag.se\/wp-content\/uploads\/2019\/03\/Gr\u00e4vning-utan-loggor_mindre.jpg",877,585,false],"portfolio_item-thumbnail":["https:\/\/www.ledbag.se\/wp-content\/uploads\/2019\/03\/Gr\u00e4vning-utan-loggor_mindre.jpg",600,400,false],"portfolio_item-thumbnail@2x":["https:\/\/www.ledbag.se\/wp-content\/uploads\/2019\/03\/Gr\u00e4vning-utan-loggor_mindre.jpg",877,585,false],"portfolio_item-masonry":["https:\/\/www.ledbag.se\/wp-content\/uploads\/2019\/03\/Gr\u00e4vning-utan-loggor_mindre.jpg",600,400,false],"portfolio_item-masonry@2x":["https:\/\/www.ledbag.se\/wp-content\/uploads\/2019\/03\/Gr\u00e4vning-utan-loggor_mindre.jpg",877,585,false],"portfolio_item-thumbnail_cinema":["https:\/\/www.ledbag.se\/wp-content\/uploads\/2019\/03\/Gr\u00e4vning-utan-loggor_mindre.jpg",502,335,false],"portfolio_item-thumbnail_portrait":["https:\/\/www.ledbag.se\/wp-content\/uploads\/2019\/03\/Gr\u00e4vning-utan-loggor_mindre.jpg",600,400,false],"portfolio_item-thumbnail_portrait@2x":["https:\/\/www.ledbag.se\/wp-content\/uploads\/2019\/03\/Gr\u00e4vning-utan-loggor_mindre.jpg",877,585,false],"portfolio_item-thumbnail_square":["https:\/\/www.ledbag.se\/wp-content\/uploads\/2019\/03\/Gr\u00e4vning-utan-loggor_mindre.jpg",800,534,false]},"_links":{"self":[{"href":"https:\/\/www.ledbag.se\/index.php?rest_route=\/wp\/v2\/posts\/2855","targetHints":{"allow":["GET"]}}],"collection":[{"href":"https:\/\/www.ledbag.se\/index.php?rest_route=\/wp\/v2\/posts"}],"about":[{"href":"https:\/\/www.ledbag.se\/index.php?rest_route=\/wp\/v2\/types\/post"}],"author":[{"embeddable":true,"href":"https:\/\/www.ledbag.se\/index.php?rest_route=\/wp\/v2\/users\/4"}],"replies":[{"embeddable":true,"href":"https:\/\/www.ledbag.se\/index.php?rest_route=%2Fwp%2Fv2%2Fcomments&post=2855"}],"version-history":[{"count":10,"href":"https:\/\/www.ledbag.se\/index.php?rest_route=\/wp\/v2\/posts\/2855\/revisions"}],"predecessor-version":[{"id":2869,"href":"https:\/\/www.ledbag.se\/index.php?rest_route=\/wp\/v2\/posts\/2855\/revisions\/2869"}],"wp:featuredmedia":[{"embeddable":true,"href":"https:\/\/www.ledbag.se\/index.php?rest_route=\/wp\/v2\/media\/2865"}],"wp:attachment":[{"href":"https:\/\/www.ledbag.se\/index.php?rest_route=%2Fwp%2Fv2%2Fmedia&parent=2855"}],"wp:term":[{"taxonomy":"category","embeddable":true,"href":"https:\/\/www.ledbag.se\/index.php?rest_route=%2Fwp%2Fv2%2Fcategories&post=2855"},{"taxonomy":"post_tag","embeddable":true,"href":"https:\/\/www.ledbag.se\/index.php?rest_route=%2Fwp%2Fv2%2Ftags&post=2855"}],"curies":[{"name":"wp","href":"https:\/\/api.w.org\/{rel}","templated":true}]}}