{"id":2728,"date":"2017-08-18T05:36:55","date_gmt":"2017-08-18T04:36:55","guid":{"rendered":"http:\/\/www.ledbag.se\/?p=2728"},"modified":"2017-08-18T05:41:30","modified_gmt":"2017-08-18T04:41:30","slug":"intressant-lasning-fran-lassi-fordell","status":"publish","type":"post","link":"https:\/\/www.ledbag.se\/?p=2728","title":{"rendered":"Intressant l\u00e4sning fr\u00e5n Lassi Fordell"},"content":{"rendered":"<p><strong><span style=\"color: #ff0000;\">KOMPETENS. <\/span>I v\u00e5rt stugomr\u00e5de finns det m\u00e5nga personer med speciella egenskaper &amp; kunskaper. En av dessa \u00e4r lokalhistorikern Lassi Fordell som brukar h\u00e5lla f\u00f6rel\u00e4sningar mellan varven.<\/strong><br \/>\n<strong>&#8211; H\u00e4r kommer en text som du kan publicera om du tycker det, s\u00e4ger Lassi Fordell till ledbag.se<\/strong><\/p>\n<p>VAR \u00c4R V\u00c5REN\u2026?<\/p>\n<p><a href=\"http:\/\/www.ledbag.se\/wp-content\/uploads\/2017\/08\/lassi.jpg\"><img fetchpriority=\"high\" decoding=\"async\" class=\"alignright size-medium wp-image-2732\" src=\"http:\/\/www.ledbag.se\/wp-content\/uploads\/2017\/08\/lassi-300x169.jpg\" alt=\"\" width=\"300\" height=\"169\" srcset=\"https:\/\/www.ledbag.se\/wp-content\/uploads\/2017\/08\/lassi-300x169.jpg 300w, https:\/\/www.ledbag.se\/wp-content\/uploads\/2017\/08\/lassi-768x432.jpg 768w, https:\/\/www.ledbag.se\/wp-content\/uploads\/2017\/08\/lassi-1024x576.jpg 1024w, https:\/\/www.ledbag.se\/wp-content\/uploads\/2017\/08\/lassi-747x420.jpg 747w, https:\/\/www.ledbag.se\/wp-content\/uploads\/2017\/08\/lassi-640x360.jpg 640w, https:\/\/www.ledbag.se\/wp-content\/uploads\/2017\/08\/lassi-681x383.jpg 681w, https:\/\/www.ledbag.se\/wp-content\/uploads\/2017\/08\/lassi-1021x580.jpg 1021w, https:\/\/www.ledbag.se\/wp-content\/uploads\/2017\/08\/lassi.jpg 1366w\" sizes=\"(max-width: 300px) 100vw, 300px\" \/><\/a>S\u00e5ja, nu ska det g\u00e5 b\u00e4ttre. Nu har jag bytt om och har st\u00f6vlarna p\u00e5. Och skidorna g\u00e5r som skidor ska.<\/p>\n<p>F\u00f6rsta f\u00f6rs\u00f6ket slutade lite sn\u00f6pligt Jag fick lite fart i strandbrinken och gled s\u00e5 vackert ut p\u00e5 S\u00e4varfj\u00e4rdens sn\u00f6t\u00e4cke. Trodde jag! Bara ett par meter ut , n\u00e4r farten minskade, skar skidorna igenom och jag stod som ett f\u00e5n j\u00e4mfota med vatten en god bit \u00f6ver pj\u00e4xorna. \u201dSt\u00f6pa\u201d rann kvickt som minken ner till mina t\u00e5r och angen\u00e4mt var det inte.<\/p>\n<p>N\u00e4r jag b\u00f6rjade p\u00e5 att trampa runt f\u00f6rv\u00e4rrades l\u00e4get och det var bara att \u00e5ka tillbaka till stugv\u00e4rmen och b\u00f6rja om och g\u00f6ra r\u00e4tt. M\u00e4rkligt att den svaga v\u00e5rv\u00e4rmen och helt utan solens hj\u00e4lp har t\u00e4rt s\u00e5 pass p\u00e5 ytan.<\/p>\n<p>Det \u00e4r inte mycket sn\u00f6 kvar utan f\u00f6r det mesta f\u00e5r jag plaska mig fram genom st\u00f6pan den knappa kilometern ut till Bjuren Vad skall jag dit att g\u00f6ra en s\u00e5n urtrist dag. Helgr\u00e5 himmel som det har varit hela denna bedr\u00f6vliga vinter. Lite dis i luften och kvicksilvret som inte orkar upp \u00f6ver fj\u00e4rde strecket.<\/p>\n<p>Jo grannen tror sig ha h\u00f6rt de f\u00f6rsta m\u00e5sarna skr\u00e4na \u00f6ver Bjuren \u2013 v\u00e5rens f\u00f6rsta riktiga budb\u00e4rare h\u00e4r i havsbandet. Kan det vara sant? Jag m\u00e5ste ut och se. Finns verkligen v\u00e5ren d\u00e4rute! Sn\u00f6massorna och v\u00e4dret g\u00f6r en s\u00e5 deppig att man griper efter enklaste str\u00e5 denna p\u00e5sk. Isarna n\u00e4ra \u00f6n ser inte s\u00e5 p\u00e5litliga ut, s\u00e4rskilt i sundet mellan \u00f6n och Trut\u00f6gern. Men eftersom stigarefter \u00e4lgkl\u00f6var leder upp i strandens alsn\u00e5r p\u00e5 nordspetsens isiga h\u00e4llar s\u00e5 h\u00e5ller den nog f\u00f6r en sjuttiofemkilos skid\u00e5kare. Tydligen har \u00e4lgskocken delat p\u00e5 sig n\u00e4r den kommit upp p\u00e5 \u00f6n. Den ena delen har har f\u00f6lj stranden\u00a0och snappat \u00e5t sig \u00e4tbara delar av alarna. Den andra delen har klivit med l\u00e5nga steg i djupsn\u00f6n inne i skogen och tuggat i sig talltopparnas skott och skala bark.<\/p>\n<p>En sn\u00f6skoter har passearat n\u00e5gra dagar tidigare. Den har k\u00f6rt upp p\u00e5 h\u00e4llarna, parkerat. F\u00f6raren har uppenbarligen stegat fram till informationstavlan. D\u00e4r kan man l\u00e4saa sig till at Bjuren \u00e4r ett nanturskyddsomr\u00e5de, vilket bla inneb\u00e4r att man inte f\u00e5r k\u00f6ra med terr\u00e4ngfordon p\u00e5 \u00f6n. Detta till trots visar sp\u00e5ren med all tydlighet att han har k\u00f6rt in bland gran och tall, k\u00f6rt i sv\u00e4ngar runt omkring p\u00e5 de flesta delar av terr\u00e4ngen. En skoterf\u00f6rare som inte kan l\u00e4sa!!! Nej , hen kanske inte f\u00f6rstod att skotern \u00e4r ett terr\u00e4ngfordon och s\u00e5ledes inte f\u00e5r k\u00f6ras p\u00e5 Bjuren.<\/p>\n<p>Arne Jonssons fiskel\u00e4ge i den skyddade viken i nordost ligger i vinterdvala. F\u00f6nsterluckorna \u00e4r kvar, skorsstenen \u00e4r t\u00e4ckt, n\u00e4tb\u00e5ten ligger under en driva, men en bit av k\u00f6len och buken har tinat fram. Ett h\u00e4rligt v\u00e5rtecken!!<\/p>\n<p>M\u00e4rkligt att allt tycks f\u00e5 vara ifred h\u00e4r ute. Till och med den fina namnskylten RUT, som fl\u00f6t i land p\u00e5 \u00f6n f\u00f6r l\u00e4nge sedan fr\u00e5n en skuta f\u00e5r pryda den l\u00e5ga timrade boden. Inte f\u00f6rr\u00e4n i b\u00f6rjan av juni kommer det att vara fullt av liv h\u00e4r ute. D\u00e5 skall n\u00e4ten \u201dt\u00e5las\u201d, st\u00e4nger lagas eller bytas ut, stenar f\u00e5 sina bj\u00f6rkvred och v\u00e4ckarna g\u00e5s igenom. Den legendariske fiskaren och by\u00e5ldermannen Abel Jonsson fr\u00e5n T\u00e4fte\u00e5 brukade bo st\u00f6rre delen av sommaren h\u00e4r ute till 1970.<\/p>\n<p>Jag \u00e5ker fram till \u00e4lgtornet p\u00e5 \u00f6ns \u00f6stra h\u00e4llar. Av med skidorna och upp f\u00f6r att spana. Sikten begr\u00e4nsas av dis. Men nu ser jag dem.<\/p>\n<p>Halvt dolda av regndiset ser jag l\u00e5ngt ute en grupp om cirka 10 \u00e4lgar sakta vandra l\u00e4ngre in i dimman. Dom m\u00e5ste vara p\u00e5 v\u00e4g ut till Holm\u00f6n, fast dom om\u00f6jligt kan se land. Hur kan dom veta att tio kilometer bort finns land med m\u00e5ttligt sn\u00f6djup och \u00e4nnu obetade sm\u00e5tallar. Och hur kan sommar\u00e4lgarna veta att 15 kilometer fr\u00e5n Holm\u00f6n finns Vals\u00f6rarna. \u00c4r det instinkt, v\u00e4derkorn eller inl\u00e4rt beteende som styr.<\/p>\n<p>N\u00e4r jag senare skidar \u00f6ver isflaken l\u00e4ngs stranden ser jag sp\u00e5r av stora grupper av \u00e4lgar p\u00e5 en trad mellan Holm\u00f6n och Bjuren. Kanske \u00e4nd\u00e5 att grannens utsago om en grupp om 40 \u00e4lgar \u00e4r sann fast jag i f\u00f6rstone\u00a0 tog det som h\u00e4mtat fr\u00e5n Mynchausen.<\/p>\n<p>\u00c4nnu har jag inte sett eller h\u00f6rt trutar eller m\u00e5s.<\/p>\n<p>Tidigare har jag sett trut och m\u00e5s sitta p\u00e5 toppm\u00e4rket p\u00e5 deet tio meter h\u00f6ga st\u00e5ngm\u00e4rket p\u00e5 \u00f6ns kr\u00f6n. Jag hasar och kliver mig p\u00e5 den sura sn\u00f6n upp till ensm\u00e4rket. \u00d6verallt massor sp\u00e5r av \u00e4lg och hare, men inte ett levande djur. P\u00e5 det plaskv\u00e5ta sn\u00f6t\u00e4cket runt st\u00e5ngen fl\u00e4skar av bruna och gula spottloskor och spridd avf\u00f6ring. F\u00f6rutom det l\u00e4tt igenk\u00e4nnliga fr\u00e5n \u00e4lg och hare kan det finna somt fr\u00e5n f\u00e5glar. Kanske \u00f6veroptimistiska trutar eller m\u00e5sa funnit f\u00f6dotillg\u00e5ngen f\u00f6r knapp och tagit sig s\u00f6derrut till \u00f6ppet vatten.<\/p>\n<p>\u00d6ppet vatten??<\/p>\n<p>Trots att jag vet att det \u00e4r hoppl\u00f6stm\u00e5ste jag \u00e5ka till det s\u00f6dra m\u00e4rket och kl\u00e4ttra upp och spana efter VAKEN. Stegen av fastspikade br\u00e4dlappar sitter \u00e4nnu s\u00e4mre i \u00e5r, men en bit upp bara skall jag f\u00f6r att se V\u00e5ren.<\/p>\n<p>Fr\u00e5n min uppsatta position med armarna runt st\u00e5ngen ser jag den sydliga alranden och bortom den ett o\u00e4ndligt vitt f\u00e4lt som utan gr\u00e4ns \u00f6verg\u00e5r i dis.<\/p>\n<p>-Men kl\u00e4ttra ner, gubbe, och uppf\u00f6r dig!<\/p>\n<p>Jag sp\u00e4nner fast st\u00f6vlarna p\u00e5 bj\u00f6rkskidorna och \u00e5ker f\u00f6rbi den \u00f6versn\u00f6ade\u00a0<em>\u00e4ngladansen,\u00a0<\/em>retar mig p\u00e5 nya skotersp\u00e5r, spanar l\u00e4ngs harstigarna och undrar om r\u00e4ven som f\u00f6ljt den varit framg\u00e5ngsrik. Jag tar av ned mot den v\u00e4stra stranden f\u00f6r att ta mig tillbaka igen till stugv\u00e4rmen och fortsatt p\u00e5skfirande.N\u00e4r jag stakar mig ner\u00e5t i den svaga utf\u00f6rsl\u00f6pan kommer det! I den absoluta stillheten rycker jag till, n\u00e4r utan f\u00f6rvarning det gamlaa korpparet var och en i t\u00e4t f\u00f6ljd skickar ut ett skarpt varnande knorrr<em>\u00a0<\/em>fr\u00e5n den m\u00f6rka , t\u00e4ta granskogen. Jag undrade nyss var det slitstarka paret kunde h\u00e5lla hus.<\/p>\n<p><strong>P\u00c5SKL\u00d6RDAG<br \/>\n<\/strong>\u00c4nnu v\u00e4rre v\u00e4der.<br \/>\nI natt har det regnat och nu \u00e4r dimman \u00e4n t\u00e4tare. Sn\u00f6t\u00e4cket sjunker snabbt ihop, och det \u00e4r en sann tr\u00f6st. Men var \u00e4r v\u00e5rsolen???<br \/>\nTrots det f\u00f6ga inbjudande skidv\u00e4dret g\u00f6r jag samma tur som ig\u00e5r.<br \/>\nP\u00e5 v\u00e5rfronten fanns intet nytt att uppt\u00e4cka.<\/p>\n<p><strong>P\u00c5SKDAGEN<br \/>\n<\/strong>Per aspera ad astra!<br \/>\nJag vaknade vid hslvsjutiden. Alldeles f\u00f6r tidigt en ledig dag. Men s\u00e5 uppt\u00e4ckte jag att det var en solstrimma som v\u00e4ckte mig. Otroligt! Skall jag \u00e4ntligen f\u00e5 vara med om den v\u00e5rdag jag l\u00e4ngtat efter.<br \/>\nL\u00e4mna s\u00e4nghalmen fortast m\u00f6jligt.<br \/>\nDet skrivjobb jag hade haft i tankarna f\u00f6r eftermiddagen blev nu avklarat i ett huj. Redan klockan tio stod jag p\u00e5 skidorna p\u00e5 S\u00e4varfj\u00e4rdens is igen.<\/p>\n<p>Vilken skillnad. I det n\u00e4rmast vindstilla solfl\u00f6det och n\u00e5gra plusgrader hade det g\u00e5tt fr\u00e5n helvete till himmel. Jag hade sett fr\u00e5n min skrivplats att i f\u00e5gelbordet var det n\u00e5gonting speciellt med bl\u00e5mesar, talgoxar\u00a0 och fr\u00f6tjuven ekorren. Nu k\u00e4nde jag sj\u00e4lv v\u00e5rlusten spritta i mig. I stj\u00e4rtmesen hade jag laddat med kaffetermos och mackor och i jackfickan fanns en apelsin. Jag stannar upp, drar in en extra l\u00e5ng v\u00e5rluftsandning, plirar mot solen och h\u00e4nger upp mig med stavarna i armh\u00e5lorna.<\/p>\n<p>En timme senare \u00e4r jag ute p\u00e5 Kvarkens is och tar plats p\u00e5 ett cirka tre meter h\u00f6gt isberg med ett<\/p>\n<p>Liggunderlag under stj\u00e4rten. Gl\u00f6mt \u00e4r veckors depp \u00f6ver v\u00e5rtecken. Tydligen \u00e4r jag ite ensam om reaktionerrna. De tidigare dagarna under jakten efter v\u00e5ren har jag varit i splendid solitude h\u00e4r ute, men idag \u00e4r det m\u00e5nga som sakta hasar sig fram mot solstr\u00e5larna f\u00f6r att inte missa n\u00e5n. Obekv\u00e4mt vriden huvudet \u201d\u00e5tabak\u201d f\u00f6r maximerad effekt.<\/p>\n<p>Jag tittar bl\u00e4ndad ut \u00f6ver vidderna och t\u00e4nker p\u00e5 den f\u00f6rsta b\u00e5ttrippen om en m\u00e5nad. Som alltid: till Klintviken p\u00e5 Holm\u00f6n. Joo, jag kan h\u00f6ra bogsvallet brusa.<\/p>\n<p>F\u00f6r en stund s\u00e5g jag tv\u00e5 grupper \u00e4lgar ta sig till fastlandet. S\u00e5 kloka dom kan vara\u00a0 i sitt agerande. Isarna luckras snabbt upp och fyra hundra kilo \u00e4lg i iss\u00f6rja \u00e4r inte att maximera tillvaron. \u00c4nnu lite senare h\u00f6r jag svanarnas trumpetande i s\u00f6ket efter vak. Jag pekar med staven \u00e5t dom riktningen mot det \u00f6ppna sundet femtio meter fr\u00e5n v\u00e5r strand.<\/p>\n<p>\/ Lassi Fordell<\/p>\n","protected":false},"excerpt":{"rendered":"<p>KOMPETENS. I v\u00e5rt stugomr\u00e5de finns det m\u00e5nga personer med speciella egenskaper &amp; kunskaper. En av dessa \u00e4r lokalhistorikern Lassi Fordell som brukar h\u00e5lla f\u00f6rel\u00e4sningar mellan varven. &#8211; H\u00e4r kommer en text som du kan publicera om du tycker det, s\u00e4ger Lassi Fordell till ledbag.se VAR \u00c4R V\u00c5REN\u2026? S\u00e5ja, nu ska det g\u00e5 b\u00e4ttre. Nu har &hellip; <\/p>\n<p class=\"link-more\"><a href=\"https:\/\/www.ledbag.se\/?p=2728\" class=\"more-link\">L\u00e4s mer<span class=\"screen-reader-text\"> \u201dIntressant l\u00e4sning fr\u00e5n Lassi Fordell\u201d<\/span><\/a><\/p>\n","protected":false},"author":4,"featured_media":2729,"comment_status":"open","ping_status":"open","sticky":false,"template":"","format":"standard","meta":{"_FSMCFIC_featured_image_caption":"","_FSMCFIC_featured_image_nocaption":"","_FSMCFIC_featured_image_hide":"","footnotes":""},"categories":[5],"tags":[],"class_list":["post-2728","post","type-post","status-publish","format-standard","has-post-thumbnail","hentry","category-sommar"],"cc_featured_image_caption":{"caption_text":false,"source_text":false,"source_url":false},"featured_media_urls":{"thumbnail":["https:\/\/www.ledbag.se\/wp-content\/uploads\/2017\/08\/bjuren-150x150.jpg",150,150,true],"medium":["https:\/\/www.ledbag.se\/wp-content\/uploads\/2017\/08\/bjuren-300x169.jpg",300,169,true],"medium_large":["https:\/\/www.ledbag.se\/wp-content\/uploads\/2017\/08\/bjuren-768x432.jpg",768,432,true],"large":["https:\/\/www.ledbag.se\/wp-content\/uploads\/2017\/08\/bjuren-1024x576.jpg",950,534,true],"1536x1536":["https:\/\/www.ledbag.se\/wp-content\/uploads\/2017\/08\/bjuren.jpg",1366,768,false],"2048x2048":["https:\/\/www.ledbag.se\/wp-content\/uploads\/2017\/08\/bjuren.jpg",1366,768,false],"inspiro-featured-image":["https:\/\/www.ledbag.se\/wp-content\/uploads\/2017\/08\/bjuren.jpg",1366,768,false],"inspiro-loop":["https:\/\/www.ledbag.se\/wp-content\/uploads\/2017\/08\/bjuren.jpg",569,320,false],"inspiro-loop@2x":["https:\/\/www.ledbag.se\/wp-content\/uploads\/2017\/08\/bjuren.jpg",1138,640,false],"portfolio_item-thumbnail":["https:\/\/www.ledbag.se\/wp-content\/uploads\/2017\/08\/bjuren.jpg",600,337,false],"portfolio_item-thumbnail@2x":["https:\/\/www.ledbag.se\/wp-content\/uploads\/2017\/08\/bjuren.jpg",1200,675,false],"portfolio_item-masonry":["https:\/\/www.ledbag.se\/wp-content\/uploads\/2017\/08\/bjuren.jpg",600,337,false],"portfolio_item-masonry@2x":["https:\/\/www.ledbag.se\/wp-content\/uploads\/2017\/08\/bjuren.jpg",1200,675,false],"portfolio_item-thumbnail_cinema":["https:\/\/www.ledbag.se\/wp-content\/uploads\/2017\/08\/bjuren.jpg",596,335,false],"portfolio_item-thumbnail_portrait":["https:\/\/www.ledbag.se\/wp-content\/uploads\/2017\/08\/bjuren.jpg",600,337,false],"portfolio_item-thumbnail_portrait@2x":["https:\/\/www.ledbag.se\/wp-content\/uploads\/2017\/08\/bjuren.jpg",1200,675,false],"portfolio_item-thumbnail_square":["https:\/\/www.ledbag.se\/wp-content\/uploads\/2017\/08\/bjuren.jpg",800,450,false]},"_links":{"self":[{"href":"https:\/\/www.ledbag.se\/index.php?rest_route=\/wp\/v2\/posts\/2728","targetHints":{"allow":["GET"]}}],"collection":[{"href":"https:\/\/www.ledbag.se\/index.php?rest_route=\/wp\/v2\/posts"}],"about":[{"href":"https:\/\/www.ledbag.se\/index.php?rest_route=\/wp\/v2\/types\/post"}],"author":[{"embeddable":true,"href":"https:\/\/www.ledbag.se\/index.php?rest_route=\/wp\/v2\/users\/4"}],"replies":[{"embeddable":true,"href":"https:\/\/www.ledbag.se\/index.php?rest_route=%2Fwp%2Fv2%2Fcomments&post=2728"}],"version-history":[{"count":3,"href":"https:\/\/www.ledbag.se\/index.php?rest_route=\/wp\/v2\/posts\/2728\/revisions"}],"predecessor-version":[{"id":2733,"href":"https:\/\/www.ledbag.se\/index.php?rest_route=\/wp\/v2\/posts\/2728\/revisions\/2733"}],"wp:featuredmedia":[{"embeddable":true,"href":"https:\/\/www.ledbag.se\/index.php?rest_route=\/wp\/v2\/media\/2729"}],"wp:attachment":[{"href":"https:\/\/www.ledbag.se\/index.php?rest_route=%2Fwp%2Fv2%2Fmedia&parent=2728"}],"wp:term":[{"taxonomy":"category","embeddable":true,"href":"https:\/\/www.ledbag.se\/index.php?rest_route=%2Fwp%2Fv2%2Fcategories&post=2728"},{"taxonomy":"post_tag","embeddable":true,"href":"https:\/\/www.ledbag.se\/index.php?rest_route=%2Fwp%2Fv2%2Ftags&post=2728"}],"curies":[{"name":"wp","href":"https:\/\/api.w.org\/{rel}","templated":true}]}}