{"id":2575,"date":"2017-07-15T15:47:24","date_gmt":"2017-07-15T14:47:24","guid":{"rendered":"http:\/\/www.ledbag.se\/?p=2575"},"modified":"2017-07-24T17:31:53","modified_gmt":"2017-07-24T16:31:53","slug":"nya-stadgar-valdes-pa-dagens-stamma","status":"publish","type":"post","link":"https:\/\/www.ledbag.se\/?p=2575","title":{"rendered":"Nya stadgar valdes p\u00e5 dagens st\u00e4mma"},"content":{"rendered":"<p><strong><span style=\"color: #ff0000;\">AVST\u00c4MNING<\/span>. Ledsk\u00e4rs-B\u00e5del\u00f6gerns V\u00e4gf\u00f6rening avhandlade under l\u00f6rdag sitt 45:e verksamhets\u00e5r hemma hos Maria &amp; Urban Sandstr\u00f6m. Ett femtontal medlemmar m\u00f6tte upp i ett str\u00e5lande v\u00e4der d\u00e4r v\u00e4rdinnan Maria s\u00e5g till att det fanns suver\u00e4nt kaffe &amp; dopp till st\u00e4mman.<\/strong><br \/>\n<strong>&#8211; Tackar f\u00f6r f\u00f6rtroendet att leda dagens m\u00f6te, ber\u00e4ttade Urban Sandstr\u00f6m efter att hans namn godk\u00e4nts under punkt 1 p\u00e5 dagens agenda.<\/strong><\/p>\n<p><!--more--><\/p>\n<p><strong>Nya stadgar<\/strong><br \/>\nTill dagens m\u00f6te hade styrelsen f\u00f6rs\u00f6kt vara tydlig i f\u00f6rv\u00e4g att dagens m\u00f6te f\u00f6rutom de vanliga punkterna skulle \u00e4ven innefatta att fastst\u00e4lla nya stadgar och ers\u00e4tta de tidigare fr\u00e5n 2003.<\/p>\n<p>&#8211; Bakgrunden till detta ligger till stor del att f\u00f6reningen trots att man verkat i m\u00e5nga \u00e5r inte har ett formellt organisationsnummer. I dagens samh\u00e4lle \u00e4r det sv\u00e5rt att verka utan ett s\u00e5dant nummer och en stor int\u00e4ktsk\u00e4lla \u00e4r det statliga bidraget. Fram\u00e5t i tiden kanske det hypotetiskt kan frysa in d\u00e5 vi inte har ett formellt nummer. Sedan har vi f\u00f6reningens pengar p\u00e5 mitt personnummer. Skulle jag k\u00f6ra i diket \u00e4r inte det bra mot f\u00f6reningen, f\u00f6rs\u00f6kte f\u00f6reningens kass\u00f6r Mats Ragnarsson f\u00f6rklara och fortsatte:<\/p>\n<p>&#8211; Med ett eget organisationsnummer kan vi \u00f6ppna ett eget konto plus bankgiro. Det underl\u00e4ttar f\u00f6r kommande in- och utbetalningar samt att f\u00f6reningens pengar \u00e4r s\u00e4krade p\u00e5 ett helt annat s\u00e4tt. \u00c4ven l\u00e4ttare att f\u00f6ra \u00f6ver kass\u00f6rssysslan f\u00f6r framtiden.<\/p>\n<p><strong>Ny sekreterare<\/strong><br \/>\nValen p\u00e5 de formella posterna blev n\u00e4stan identiska f\u00f6rutom sekreterarsysslan d\u00e4r Susanne Haugen tackat nej till omval. Ist\u00e4llet valdes Urban Sandstr\u00f6m in p\u00e5 den posten.<\/p>\n<p>&#8211; Nu ska vi skynda p\u00e5 med processen att l\u00e4mna in v\u00e5r ans\u00f6kan till Skatteverket, helst innan fredag kommande vecka. Efter att vi har f\u00e5tt detta beviljat kan vi ans\u00f6ka om ett konto i Handelsbanken som jag har f\u00f6r pratat med runt detta, s\u00e4ger Mats Ragnarsson<\/p>\n<p>All formalia runt \u00e5rsm\u00f6tesprotokoll kommer att finnas tillg\u00e4nglig via hemsidan inom tv\u00e5 veckor.<\/p>\n<p>&#8211; Vi kommer att g\u00f6ra ett mejlutskick till alla medlemmar f\u00f6r att upplysa om detta. V\u00e5rt budgetf\u00f6rslag godk\u00e4ndes \u00e4ven av m\u00f6tet s\u00e5 jobbet med att f\u00f6rbereda kommande debiteringar av \u00e5rsavgiften kan p\u00e5b\u00f6rjas, s\u00e4ger Mats Ragnarsson.<\/p>\n<div id='gallery-1' class='gallery galleryid-2575 gallery-columns-1 gallery-size-large'><figure class='gallery-item'>\n\t\t\t<div class='gallery-icon landscape'>\n\t\t\t\t<a href='https:\/\/www.ledbag.se\/?attachment_id=2583'><img fetchpriority=\"high\" decoding=\"async\" width=\"950\" height=\"534\" src=\"https:\/\/www.ledbag.se\/wp-content\/uploads\/2017\/07\/bildsvep_1-1024x576.jpg\" class=\"attachment-large size-large\" alt=\"\" srcset=\"https:\/\/www.ledbag.se\/wp-content\/uploads\/2017\/07\/bildsvep_1-1024x576.jpg 1024w, https:\/\/www.ledbag.se\/wp-content\/uploads\/2017\/07\/bildsvep_1-300x169.jpg 300w, https:\/\/www.ledbag.se\/wp-content\/uploads\/2017\/07\/bildsvep_1-768x432.jpg 768w, https:\/\/www.ledbag.se\/wp-content\/uploads\/2017\/07\/bildsvep_1-640x360.jpg 640w, https:\/\/www.ledbag.se\/wp-content\/uploads\/2017\/07\/bildsvep_1.jpg 1366w\" sizes=\"100vw\" \/><\/a>\n\t\t\t<\/div><\/figure><figure class='gallery-item'>\n\t\t\t<div class='gallery-icon landscape'>\n\t\t\t\t<a href='https:\/\/www.ledbag.se\/?attachment_id=2584'><img decoding=\"async\" width=\"950\" height=\"534\" src=\"https:\/\/www.ledbag.se\/wp-content\/uploads\/2017\/07\/bildsvep_2-1024x576.jpg\" class=\"attachment-large size-large\" alt=\"\" srcset=\"https:\/\/www.ledbag.se\/wp-content\/uploads\/2017\/07\/bildsvep_2-1024x576.jpg 1024w, https:\/\/www.ledbag.se\/wp-content\/uploads\/2017\/07\/bildsvep_2-300x169.jpg 300w, https:\/\/www.ledbag.se\/wp-content\/uploads\/2017\/07\/bildsvep_2-768x432.jpg 768w, https:\/\/www.ledbag.se\/wp-content\/uploads\/2017\/07\/bildsvep_2-640x360.jpg 640w, https:\/\/www.ledbag.se\/wp-content\/uploads\/2017\/07\/bildsvep_2.jpg 1366w\" sizes=\"100vw\" \/><\/a>\n\t\t\t<\/div><\/figure><figure class='gallery-item'>\n\t\t\t<div class='gallery-icon landscape'>\n\t\t\t\t<a href='https:\/\/www.ledbag.se\/?attachment_id=2585'><img decoding=\"async\" width=\"950\" height=\"534\" src=\"https:\/\/www.ledbag.se\/wp-content\/uploads\/2017\/07\/bildsvep_3-1024x576.jpg\" class=\"attachment-large size-large\" alt=\"\" srcset=\"https:\/\/www.ledbag.se\/wp-content\/uploads\/2017\/07\/bildsvep_3-1024x576.jpg 1024w, https:\/\/www.ledbag.se\/wp-content\/uploads\/2017\/07\/bildsvep_3-300x169.jpg 300w, https:\/\/www.ledbag.se\/wp-content\/uploads\/2017\/07\/bildsvep_3-768x432.jpg 768w, https:\/\/www.ledbag.se\/wp-content\/uploads\/2017\/07\/bildsvep_3-640x360.jpg 640w, https:\/\/www.ledbag.se\/wp-content\/uploads\/2017\/07\/bildsvep_3.jpg 1366w\" sizes=\"100vw\" \/><\/a>\n\t\t\t<\/div><\/figure>\n\t\t<\/div>\n\n<p>&nbsp;<\/p>\n<p>&nbsp;<\/p>\n","protected":false},"excerpt":{"rendered":"<p>AVST\u00c4MNING. Ledsk\u00e4rs-B\u00e5del\u00f6gerns V\u00e4gf\u00f6rening avhandlade under l\u00f6rdag sitt 45:e verksamhets\u00e5r hemma hos Maria &amp; Urban Sandstr\u00f6m. Ett femtontal medlemmar m\u00f6tte upp i ett str\u00e5lande v\u00e4der d\u00e4r v\u00e4rdinnan Maria s\u00e5g till att det fanns suver\u00e4nt kaffe &amp; dopp till st\u00e4mman. &#8211; Tackar f\u00f6r f\u00f6rtroendet att leda dagens m\u00f6te, ber\u00e4ttade Urban Sandstr\u00f6m efter att hans namn godk\u00e4nts under &hellip; <\/p>\n<p class=\"link-more\"><a href=\"https:\/\/www.ledbag.se\/?p=2575\" class=\"more-link\">L\u00e4s mer<span class=\"screen-reader-text\"> \u201dNya stadgar valdes p\u00e5 dagens st\u00e4mma\u201d<\/span><\/a><\/p>\n","protected":false},"author":4,"featured_media":2629,"comment_status":"open","ping_status":"open","sticky":false,"template":"","format":"standard","meta":{"_FSMCFIC_featured_image_caption":"","_FSMCFIC_featured_image_nocaption":"","_FSMCFIC_featured_image_hide":"","footnotes":""},"categories":[5],"tags":[],"class_list":["post-2575","post","type-post","status-publish","format-standard","has-post-thumbnail","hentry","category-sommar"],"cc_featured_image_caption":{"caption_text":false,"source_text":false,"source_url":false},"featured_media_urls":{"thumbnail":["https:\/\/www.ledbag.se\/wp-content\/uploads\/2017\/07\/m\u00f6te-150x150.jpg",150,150,true],"medium":["https:\/\/www.ledbag.se\/wp-content\/uploads\/2017\/07\/m\u00f6te-300x169.jpg",300,169,true],"medium_large":["https:\/\/www.ledbag.se\/wp-content\/uploads\/2017\/07\/m\u00f6te-768x432.jpg",768,432,true],"large":["https:\/\/www.ledbag.se\/wp-content\/uploads\/2017\/07\/m\u00f6te-1024x576.jpg",950,534,true],"1536x1536":["https:\/\/www.ledbag.se\/wp-content\/uploads\/2017\/07\/m\u00f6te.jpg",1366,768,false],"2048x2048":["https:\/\/www.ledbag.se\/wp-content\/uploads\/2017\/07\/m\u00f6te.jpg",1366,768,false],"inspiro-featured-image":["https:\/\/www.ledbag.se\/wp-content\/uploads\/2017\/07\/m\u00f6te.jpg",1366,768,false],"inspiro-loop":["https:\/\/www.ledbag.se\/wp-content\/uploads\/2017\/07\/m\u00f6te.jpg",569,320,false],"inspiro-loop@2x":["https:\/\/www.ledbag.se\/wp-content\/uploads\/2017\/07\/m\u00f6te.jpg",1138,640,false],"portfolio_item-thumbnail":["https:\/\/www.ledbag.se\/wp-content\/uploads\/2017\/07\/m\u00f6te.jpg",600,337,false],"portfolio_item-thumbnail@2x":["https:\/\/www.ledbag.se\/wp-content\/uploads\/2017\/07\/m\u00f6te.jpg",1200,675,false],"portfolio_item-masonry":["https:\/\/www.ledbag.se\/wp-content\/uploads\/2017\/07\/m\u00f6te.jpg",600,337,false],"portfolio_item-masonry@2x":["https:\/\/www.ledbag.se\/wp-content\/uploads\/2017\/07\/m\u00f6te.jpg",1200,675,false],"portfolio_item-thumbnail_cinema":["https:\/\/www.ledbag.se\/wp-content\/uploads\/2017\/07\/m\u00f6te.jpg",596,335,false],"portfolio_item-thumbnail_portrait":["https:\/\/www.ledbag.se\/wp-content\/uploads\/2017\/07\/m\u00f6te.jpg",600,337,false],"portfolio_item-thumbnail_portrait@2x":["https:\/\/www.ledbag.se\/wp-content\/uploads\/2017\/07\/m\u00f6te.jpg",1200,675,false],"portfolio_item-thumbnail_square":["https:\/\/www.ledbag.se\/wp-content\/uploads\/2017\/07\/m\u00f6te.jpg",800,450,false]},"_links":{"self":[{"href":"https:\/\/www.ledbag.se\/index.php?rest_route=\/wp\/v2\/posts\/2575","targetHints":{"allow":["GET"]}}],"collection":[{"href":"https:\/\/www.ledbag.se\/index.php?rest_route=\/wp\/v2\/posts"}],"about":[{"href":"https:\/\/www.ledbag.se\/index.php?rest_route=\/wp\/v2\/types\/post"}],"author":[{"embeddable":true,"href":"https:\/\/www.ledbag.se\/index.php?rest_route=\/wp\/v2\/users\/4"}],"replies":[{"embeddable":true,"href":"https:\/\/www.ledbag.se\/index.php?rest_route=%2Fwp%2Fv2%2Fcomments&post=2575"}],"version-history":[{"count":10,"href":"https:\/\/www.ledbag.se\/index.php?rest_route=\/wp\/v2\/posts\/2575\/revisions"}],"predecessor-version":[{"id":2628,"href":"https:\/\/www.ledbag.se\/index.php?rest_route=\/wp\/v2\/posts\/2575\/revisions\/2628"}],"wp:featuredmedia":[{"embeddable":true,"href":"https:\/\/www.ledbag.se\/index.php?rest_route=\/wp\/v2\/media\/2629"}],"wp:attachment":[{"href":"https:\/\/www.ledbag.se\/index.php?rest_route=%2Fwp%2Fv2%2Fmedia&parent=2575"}],"wp:term":[{"taxonomy":"category","embeddable":true,"href":"https:\/\/www.ledbag.se\/index.php?rest_route=%2Fwp%2Fv2%2Fcategories&post=2575"},{"taxonomy":"post_tag","embeddable":true,"href":"https:\/\/www.ledbag.se\/index.php?rest_route=%2Fwp%2Fv2%2Ftags&post=2575"}],"curies":[{"name":"wp","href":"https:\/\/api.w.org\/{rel}","templated":true}]}}