{"id":2561,"date":"2017-07-06T15:57:13","date_gmt":"2017-07-06T14:57:13","guid":{"rendered":"http:\/\/www.ledbag.se\/?p=2561"},"modified":"2017-07-06T21:48:30","modified_gmt":"2017-07-06T20:48:30","slug":"kort-lagesrapport-fran-chefen","status":"publish","type":"post","link":"https:\/\/www.ledbag.se\/?p=2561","title":{"rendered":"Kort l\u00e4gesrapport fr\u00e5n &#8221;chefen&#8221;"},"content":{"rendered":"<p><strong><span style=\"color: #ff0000;\"><a href=\"http:\/\/www.ledbag.se\/wp-content\/uploads\/2017\/07\/po.jpg\"><img fetchpriority=\"high\" decoding=\"async\" class=\"alignleft size-full wp-image-2562\" src=\"http:\/\/www.ledbag.se\/wp-content\/uploads\/2017\/07\/po.jpg\" alt=\"\" width=\"560\" height=\"315\" srcset=\"https:\/\/www.ledbag.se\/wp-content\/uploads\/2017\/07\/po.jpg 560w, https:\/\/www.ledbag.se\/wp-content\/uploads\/2017\/07\/po-300x169.jpg 300w\" sizes=\"(max-width: 560px) 100vw, 560px\" \/><\/a><\/span><\/strong><\/p>\n<p><a href=\"http:\/\/www.matsragnarsson.se\"><em><strong><span style=\"color: #808080;\">Foto: MATS RAGNARSSON<\/span><\/strong><\/em><\/a><\/p>\n<p><strong><span style=\"color: #ff0000;\">\u00c5RSM\u00d6TE.<\/span> F\u00f6rutom de sedvanliga punkterna till kommande \u00e5rsm\u00f6te l\u00f6rdag den 15 juli har styrelsen tv\u00e5 \u00f6vriga punkter som man vill genom denna bl\u00e4nkare flagga lite extra f\u00f6r.<\/strong><br \/>\n<strong>&#8211; Det st\u00e4mmer. Vi har p\u00e5 f\u00f6rslag att f\u00f6reningen ska ans\u00f6ka om ett organisationsnummer hos Skatteverket samt att uppdatera f\u00f6reningens stadgar fr\u00e5n 2003, s\u00e4ger f\u00f6reningens ordf\u00f6rande P-O Glaas till ledbag.se.<\/strong><\/p>\n<p><!--more--><\/p>\n<p><b>Bygga f\u00f6r framtiden<\/b><br \/>\nAnledningen till varf\u00f6r styrelsen f\u00f6resl\u00e5r ans\u00f6kan till Skatteverket bygger p\u00e5 n\u00e5gra anledningar.<\/p>\n<p>&#8211; En stor del av f\u00f6reningens int\u00e4kter kommer ifr\u00e5n ett statligt bidrag. Vi skulle se en fara en dag om vi skulle f\u00e5 ett brev att det inte betalas ut n\u00e5gra pengar om man inte har ett organisationsnummer.<\/p>\n<p>&#8211; Sedan har f\u00f6reningens kass\u00f6r v\u00e5ra pengar p\u00e5 ett privat konto, vilket sj\u00e4lvklart inte \u00e4r hundra. Med ett organisationsnummer kan vi ans\u00f6ka hos bank om ett eget konto samt eget bankgiro. Visst, det blir en liten kostnad runt detta men vi hoppas att \u00e5rsm\u00f6tet kan ta v\u00e5ra argument, s\u00e4ger P-O Glaas.<\/p>\n<p><strong>Nya stadgar<\/strong><br \/>\nFr\u00e5n<span style=\"color: #ff0000;\"><em><strong><a href=\"http:\/\/www.revriks.se\/\"><span style=\"color: #ff0000;\"> Riksf\u00f6rbundet Enskilda V\u00e4gar<\/span><\/a><\/strong><\/em><\/span> (REV) som v\u00e5r f\u00f6rening \u00e4r med i har vi f\u00e5tt ett f\u00f6rslag till normal stadgar f\u00f6r en f\u00f6rening som bedriver v\u00e5r verksamhet.<\/p>\n<p>&#8211; V\u00e5ra nuvarande stadgar \u00e4r fr\u00e5n 2003 och \u00e4r i det stora hela bra. Men med dessa nya stadgar har vi f\u00f6rs\u00f6kt anpassa oss till 2017 och hur andra v\u00e4gf\u00f6reningar i Sverige har det n\u00e4r det g\u00e4ller just stadgar, betonar Glaas.<\/p>\n<p>Genom dessa rader hoppas vi att vi f\u00e5tt ut h\u00e4lsningen till v\u00e5ra medlemmar via hemsida samt Facebook.<\/p>\n<p>&#8211; Mats Ragnarsson kommer \u00e4ven att g\u00f6ra ett kort mejl till alla s\u00e5 att alla k\u00e4nner sig informerad om punkterna som vi f\u00f6rs\u00f6kt f\u00f6rklara i denna nyhet, s\u00e4ger P-O Glaas avslutningsvis.<\/p>\n<p><em><strong><span style=\"color: #808080;\">Fotnot: \u00c5rsm\u00f6tet l\u00f6rdag 15 juli kommer att h\u00e5llas hos Maria &amp; Urban Sandstr\u00f6m kl 15.00<\/span><\/strong><\/em><\/p>\n","protected":false},"excerpt":{"rendered":"<p>Foto: MATS RAGNARSSON \u00c5RSM\u00d6TE. F\u00f6rutom de sedvanliga punkterna till kommande \u00e5rsm\u00f6te l\u00f6rdag den 15 juli har styrelsen tv\u00e5 \u00f6vriga punkter som man vill genom denna bl\u00e4nkare flagga lite extra f\u00f6r. &#8211; Det st\u00e4mmer. Vi har p\u00e5 f\u00f6rslag att f\u00f6reningen ska ans\u00f6ka om ett organisationsnummer hos Skatteverket samt att uppdatera f\u00f6reningens stadgar fr\u00e5n 2003, s\u00e4ger f\u00f6reningens &hellip; <\/p>\n<p class=\"link-more\"><a href=\"https:\/\/www.ledbag.se\/?p=2561\" class=\"more-link\">L\u00e4s mer<span class=\"screen-reader-text\"> \u201dKort l\u00e4gesrapport fr\u00e5n &#8221;chefen&#8221;\u201d<\/span><\/a><\/p>\n","protected":false},"author":4,"featured_media":0,"comment_status":"open","ping_status":"open","sticky":false,"template":"","format":"standard","meta":{"_FSMCFIC_featured_image_caption":"","_FSMCFIC_featured_image_nocaption":"","_FSMCFIC_featured_image_hide":"","footnotes":""},"categories":[5],"tags":[],"class_list":["post-2561","post","type-post","status-publish","format-standard","hentry","category-sommar"],"cc_featured_image_caption":{"caption_text":false,"source_text":false,"source_url":false},"featured_media_urls":[],"_links":{"self":[{"href":"https:\/\/www.ledbag.se\/index.php?rest_route=\/wp\/v2\/posts\/2561","targetHints":{"allow":["GET"]}}],"collection":[{"href":"https:\/\/www.ledbag.se\/index.php?rest_route=\/wp\/v2\/posts"}],"about":[{"href":"https:\/\/www.ledbag.se\/index.php?rest_route=\/wp\/v2\/types\/post"}],"author":[{"embeddable":true,"href":"https:\/\/www.ledbag.se\/index.php?rest_route=\/wp\/v2\/users\/4"}],"replies":[{"embeddable":true,"href":"https:\/\/www.ledbag.se\/index.php?rest_route=%2Fwp%2Fv2%2Fcomments&post=2561"}],"version-history":[{"count":5,"href":"https:\/\/www.ledbag.se\/index.php?rest_route=\/wp\/v2\/posts\/2561\/revisions"}],"predecessor-version":[{"id":2567,"href":"https:\/\/www.ledbag.se\/index.php?rest_route=\/wp\/v2\/posts\/2561\/revisions\/2567"}],"wp:attachment":[{"href":"https:\/\/www.ledbag.se\/index.php?rest_route=%2Fwp%2Fv2%2Fmedia&parent=2561"}],"wp:term":[{"taxonomy":"category","embeddable":true,"href":"https:\/\/www.ledbag.se\/index.php?rest_route=%2Fwp%2Fv2%2Fcategories&post=2561"},{"taxonomy":"post_tag","embeddable":true,"href":"https:\/\/www.ledbag.se\/index.php?rest_route=%2Fwp%2Fv2%2Ftags&post=2561"}],"curies":[{"name":"wp","href":"https:\/\/api.w.org\/{rel}","templated":true}]}}