{"id":2518,"date":"2017-06-14T17:20:57","date_gmt":"2017-06-14T16:20:57","guid":{"rendered":"http:\/\/www.ledbag.se\/?p=2518"},"modified":"2017-06-23T08:21:08","modified_gmt":"2017-06-23T07:21:08","slug":"viktiga-datum-infor-sommaren","status":"publish","type":"post","link":"https:\/\/www.ledbag.se\/?p=2518","title":{"rendered":"Viktiga datum inf\u00f6r sommaren"},"content":{"rendered":"<p><a href=\"http:\/\/www.ledbag.se\/wp-content\/uploads\/2016\/07\/mote_8.jpg\"><img fetchpriority=\"high\" decoding=\"async\" class=\"size-full wp-image-2355\" src=\"http:\/\/www.ledbag.se\/wp-content\/uploads\/2016\/07\/mote_8.jpg\" alt=\"\" width=\"560\" height=\"373\" srcset=\"https:\/\/www.ledbag.se\/wp-content\/uploads\/2016\/07\/mote_8.jpg 560w, https:\/\/www.ledbag.se\/wp-content\/uploads\/2016\/07\/mote_8-300x200.jpg 300w\" sizes=\"(max-width: 560px) 100vw, 560px\" \/><\/a><\/p>\n<p><span style=\"color: #808080;\"><em><strong>Foto: MATS RAGNARSSON<\/strong><\/em><\/span><\/p>\n<p><strong><span style=\"color: #ff0000;\">\u00c5RSST\u00c4MMOR.<\/span> Att midsommarafton \u00e4r fredag 23 juni har nog de flesta koll p\u00e5, eller? Men n\u00e4r har Rov\u00f6gerns V\u00e4gsamf\u00e4llighet, Lax\u00f6gerns Samf\u00e4llighetsf\u00f6rening samt Ledsk\u00e4r-B\u00e5del\u00f6gerns V\u00e4gf\u00f6rening sina m\u00f6ten?<\/strong><br \/>\n<strong>&#8211; Vi l\u00e4gger ut detta via v\u00e5r hemsida och l\u00e4nkar nyheten vidare via Facebook, s\u00e4ger f\u00f6reningens webbmaster Mats Ragnarsson till ledbag.se.<\/strong><\/p>\n<p><!--more--><\/p>\n<p><strong>Ledsk\u00e4r-B\u00e5del\u00f6gerns V\u00e4gf\u00f6rening<\/strong><br \/>\nL\u00f6rdag 15 juli<br \/>\nHemma hos Maria &amp; Urban Sandstr\u00f6m<br \/>\nKl 15.00<\/p>\n<p><strong>Rov\u00f6gerns V\u00e4gsamf\u00e4llighet<\/strong><br \/>\nL\u00f6rdag 29 juli<br \/>\nKvarken Fisk kl 15.00<\/p>\n<p><strong>Lax\u00f6gerns Samf\u00e4llghetsf\u00f6rening<\/strong><br \/>\nS\u00f6ndag 30 juli<br \/>\nSj\u00f6boden kl. 15.00<\/p>\n","protected":false},"excerpt":{"rendered":"<p>Foto: MATS RAGNARSSON \u00c5RSST\u00c4MMOR. Att midsommarafton \u00e4r fredag 23 juni har nog de flesta koll p\u00e5, eller? Men n\u00e4r har Rov\u00f6gerns V\u00e4gsamf\u00e4llighet, Lax\u00f6gerns Samf\u00e4llighetsf\u00f6rening samt Ledsk\u00e4r-B\u00e5del\u00f6gerns V\u00e4gf\u00f6rening sina m\u00f6ten? &#8211; Vi l\u00e4gger ut detta via v\u00e5r hemsida och l\u00e4nkar nyheten vidare via Facebook, s\u00e4ger f\u00f6reningens webbmaster Mats Ragnarsson till ledbag.se.<\/p>\n","protected":false},"author":4,"featured_media":0,"comment_status":"open","ping_status":"open","sticky":false,"template":"","format":"standard","meta":{"_FSMCFIC_featured_image_caption":"","_FSMCFIC_featured_image_nocaption":"","_FSMCFIC_featured_image_hide":"","footnotes":""},"categories":[5],"tags":[],"class_list":["post-2518","post","type-post","status-publish","format-standard","hentry","category-sommar"],"cc_featured_image_caption":{"caption_text":false,"source_text":false,"source_url":false},"featured_media_urls":[],"_links":{"self":[{"href":"https:\/\/www.ledbag.se\/index.php?rest_route=\/wp\/v2\/posts\/2518","targetHints":{"allow":["GET"]}}],"collection":[{"href":"https:\/\/www.ledbag.se\/index.php?rest_route=\/wp\/v2\/posts"}],"about":[{"href":"https:\/\/www.ledbag.se\/index.php?rest_route=\/wp\/v2\/types\/post"}],"author":[{"embeddable":true,"href":"https:\/\/www.ledbag.se\/index.php?rest_route=\/wp\/v2\/users\/4"}],"replies":[{"embeddable":true,"href":"https:\/\/www.ledbag.se\/index.php?rest_route=%2Fwp%2Fv2%2Fcomments&post=2518"}],"version-history":[{"count":6,"href":"https:\/\/www.ledbag.se\/index.php?rest_route=\/wp\/v2\/posts\/2518\/revisions"}],"predecessor-version":[{"id":2534,"href":"https:\/\/www.ledbag.se\/index.php?rest_route=\/wp\/v2\/posts\/2518\/revisions\/2534"}],"wp:attachment":[{"href":"https:\/\/www.ledbag.se\/index.php?rest_route=%2Fwp%2Fv2%2Fmedia&parent=2518"}],"wp:term":[{"taxonomy":"category","embeddable":true,"href":"https:\/\/www.ledbag.se\/index.php?rest_route=%2Fwp%2Fv2%2Fcategories&post=2518"},{"taxonomy":"post_tag","embeddable":true,"href":"https:\/\/www.ledbag.se\/index.php?rest_route=%2Fwp%2Fv2%2Ftags&post=2518"}],"curies":[{"name":"wp","href":"https:\/\/api.w.org\/{rel}","templated":true}]}}