{"id":2511,"date":"2017-04-24T07:29:43","date_gmt":"2017-04-24T06:29:43","guid":{"rendered":"http:\/\/www.ledbag.se\/?p=2511"},"modified":"2017-04-24T07:30:21","modified_gmt":"2017-04-24T06:30:21","slug":"vartecken-gula-skylten-ar-framme","status":"publish","type":"post","link":"https:\/\/www.ledbag.se\/?p=2511","title":{"rendered":"V\u00e5rtecken &#8211; gula skylten \u00e4r framme"},"content":{"rendered":"<p><strong><span style=\"color: #ff0000;\"><a href=\"http:\/\/www.ledbag.se\/wp-content\/uploads\/2012\/03\/7-ton_4.jpg\"><img fetchpriority=\"high\" decoding=\"async\" class=\"alignleft wp-image-1083\" src=\"http:\/\/www.ledbag.se\/wp-content\/uploads\/2012\/03\/7-ton_4-150x150.jpg\" alt=\"\" width=\"570\" height=\"407\" srcset=\"https:\/\/www.ledbag.se\/wp-content\/uploads\/2012\/03\/7-ton_4-300x214.jpg 300w, https:\/\/www.ledbag.se\/wp-content\/uploads\/2012\/03\/7-ton_4.jpg 560w\" sizes=\"(max-width: 570px) 100vw, 570px\" \/><\/a>BL\u00d6TA V\u00c4GAR.<\/span> Ett s\u00e4kert v\u00e5rtecken \u00e4r n\u00e4r den gula skylten med max vikt 7 ton kommer fram. Denna kommer du att se n\u00e4r du sv\u00e4nger av fr\u00e5n Rov\u00e5gernsv\u00e4gen ned mot Lax\u00f6gern.<\/strong><br \/>\n<strong>&#8211; Vi f\u00e5r \u00e5terkomma n\u00e4r v\u00e4gen h\u00e5ller p\u00e5 att torka upp men fr\u00e5n nu hoppas jag att alla visar h\u00e4nsyn till denna skylt, s\u00e4ger ordf\u00f6rande Bengt Jonsson f\u00f6r Lax\u00f6gerns Samf\u00e4llighetsf\u00f6rening till ledbag.se.<\/strong><\/p>\n","protected":false},"excerpt":{"rendered":"<p>BL\u00d6TA V\u00c4GAR. Ett s\u00e4kert v\u00e5rtecken \u00e4r n\u00e4r den gula skylten med max vikt 7 ton kommer fram. Denna kommer du att se n\u00e4r du sv\u00e4nger av fr\u00e5n Rov\u00e5gernsv\u00e4gen ned mot Lax\u00f6gern. &#8211; Vi f\u00e5r \u00e5terkomma n\u00e4r v\u00e4gen h\u00e5ller p\u00e5 att torka upp men fr\u00e5n nu hoppas jag att alla visar h\u00e4nsyn till denna skylt, s\u00e4ger &hellip; <\/p>\n<p class=\"link-more\"><a href=\"https:\/\/www.ledbag.se\/?p=2511\" class=\"more-link\">L\u00e4s mer<span class=\"screen-reader-text\"> \u201dV\u00e5rtecken &#8211; gula skylten \u00e4r framme\u201d<\/span><\/a><\/p>\n","protected":false},"author":4,"featured_media":0,"comment_status":"open","ping_status":"open","sticky":false,"template":"","format":"standard","meta":{"_FSMCFIC_featured_image_caption":"","_FSMCFIC_featured_image_nocaption":"","_FSMCFIC_featured_image_hide":"","footnotes":""},"categories":[4],"tags":[],"class_list":["post-2511","post","type-post","status-publish","format-standard","hentry","category-var"],"cc_featured_image_caption":{"caption_text":false,"source_text":false,"source_url":false},"featured_media_urls":[],"_links":{"self":[{"href":"https:\/\/www.ledbag.se\/index.php?rest_route=\/wp\/v2\/posts\/2511","targetHints":{"allow":["GET"]}}],"collection":[{"href":"https:\/\/www.ledbag.se\/index.php?rest_route=\/wp\/v2\/posts"}],"about":[{"href":"https:\/\/www.ledbag.se\/index.php?rest_route=\/wp\/v2\/types\/post"}],"author":[{"embeddable":true,"href":"https:\/\/www.ledbag.se\/index.php?rest_route=\/wp\/v2\/users\/4"}],"replies":[{"embeddable":true,"href":"https:\/\/www.ledbag.se\/index.php?rest_route=%2Fwp%2Fv2%2Fcomments&post=2511"}],"version-history":[{"count":1,"href":"https:\/\/www.ledbag.se\/index.php?rest_route=\/wp\/v2\/posts\/2511\/revisions"}],"predecessor-version":[{"id":2512,"href":"https:\/\/www.ledbag.se\/index.php?rest_route=\/wp\/v2\/posts\/2511\/revisions\/2512"}],"wp:attachment":[{"href":"https:\/\/www.ledbag.se\/index.php?rest_route=%2Fwp%2Fv2%2Fmedia&parent=2511"}],"wp:term":[{"taxonomy":"category","embeddable":true,"href":"https:\/\/www.ledbag.se\/index.php?rest_route=%2Fwp%2Fv2%2Fcategories&post=2511"},{"taxonomy":"post_tag","embeddable":true,"href":"https:\/\/www.ledbag.se\/index.php?rest_route=%2Fwp%2Fv2%2Ftags&post=2511"}],"curies":[{"name":"wp","href":"https:\/\/api.w.org\/{rel}","templated":true}]}}