{"id":2449,"date":"2016-09-12T21:24:31","date_gmt":"2016-09-12T20:24:31","guid":{"rendered":"http:\/\/www.ledbag.se\/?p=2449"},"modified":"2016-09-12T21:35:47","modified_gmt":"2016-09-12T20:35:47","slug":"arbetsdag-lordag-24-sepember","status":"publish","type":"post","link":"https:\/\/www.ledbag.se\/?p=2449","title":{"rendered":"Arbetsdag l\u00f6rdag 24 sepember"},"content":{"rendered":"<div><i><a href=\"http:\/\/www.ledbag.se\/wp-content\/uploads\/2011\/02\/vag_2_6095.jpg\"><img fetchpriority=\"high\" decoding=\"async\" class=\"alignleft wp-image-616\" src=\"http:\/\/www.ledbag.se\/wp-content\/uploads\/2011\/02\/vag_2_6095.jpg\" alt=\"vag_2_6095\" width=\"560\" height=\"374\" srcset=\"https:\/\/www.ledbag.se\/wp-content\/uploads\/2011\/02\/vag_2_6095.jpg 400w, https:\/\/www.ledbag.se\/wp-content\/uploads\/2011\/02\/vag_2_6095-300x200.jpg 300w\" sizes=\"(max-width: 560px) 100vw, 560px\" \/><\/a><\/i>Hej alla del\u00e4gare i Lax\u00f6gersv\u00e4gen!<\/div>\n<div>Nu snart \u00e4r det dags att fixa till v\u00e4gen inf\u00f6r vintern och kommande \u00e5r.Vi ska r\u00f6ja v\u00e4ggrenen, ni som har gr\u00e4strimmer tar med den.\u00a0Vi ska s\u00e4tta ut plogpinnar d\u00e4r det saknas, ta med s\u00e5g eller yxa och spett.\u00a0Lyktstolpe ska riktas.<\/div>\n<p><!--more--><\/p>\n<div>\n<p><strong>N\u00e5gra timmars jobb<br \/>\n<\/strong><i>Styrelsen uppmanar att s\u00e5 m\u00e5nga som m\u00f6jligt st\u00e4ller upp f\u00f6r n\u00e5gra timmars arbete den 24 sep kl 10:00<\/i><\/p>\n<\/div>\n<div><i>Samling vid anslagstavlan<\/i><\/div>\n<div><\/div>\n<div><span style=\"color: #ff0000;\"><strong><a style=\"color: #ff0000;\" href=\"http:\/\/matsragnarsson.se\/laxogern\/Arbetsdag%202016.pdf\">PDF<\/a><\/strong><\/span><\/div>\n<div><\/div>\n","protected":false},"excerpt":{"rendered":"<p>Hej alla del\u00e4gare i Lax\u00f6gersv\u00e4gen! Nu snart \u00e4r det dags att fixa till v\u00e4gen inf\u00f6r vintern och kommande \u00e5r.Vi ska r\u00f6ja v\u00e4ggrenen, ni som har gr\u00e4strimmer tar med den.\u00a0Vi ska s\u00e4tta ut plogpinnar d\u00e4r det saknas, ta med s\u00e5g eller yxa och spett.\u00a0Lyktstolpe ska riktas.<\/p>\n","protected":false},"author":4,"featured_media":0,"comment_status":"open","ping_status":"open","sticky":false,"template":"","format":"standard","meta":{"_FSMCFIC_featured_image_caption":"","_FSMCFIC_featured_image_nocaption":"","_FSMCFIC_featured_image_hide":"","footnotes":""},"categories":[6],"tags":[],"class_list":["post-2449","post","type-post","status-publish","format-standard","hentry","category-host"],"cc_featured_image_caption":{"caption_text":false,"source_text":false,"source_url":false},"featured_media_urls":[],"_links":{"self":[{"href":"https:\/\/www.ledbag.se\/index.php?rest_route=\/wp\/v2\/posts\/2449","targetHints":{"allow":["GET"]}}],"collection":[{"href":"https:\/\/www.ledbag.se\/index.php?rest_route=\/wp\/v2\/posts"}],"about":[{"href":"https:\/\/www.ledbag.se\/index.php?rest_route=\/wp\/v2\/types\/post"}],"author":[{"embeddable":true,"href":"https:\/\/www.ledbag.se\/index.php?rest_route=\/wp\/v2\/users\/4"}],"replies":[{"embeddable":true,"href":"https:\/\/www.ledbag.se\/index.php?rest_route=%2Fwp%2Fv2%2Fcomments&post=2449"}],"version-history":[{"count":9,"href":"https:\/\/www.ledbag.se\/index.php?rest_route=\/wp\/v2\/posts\/2449\/revisions"}],"predecessor-version":[{"id":2458,"href":"https:\/\/www.ledbag.se\/index.php?rest_route=\/wp\/v2\/posts\/2449\/revisions\/2458"}],"wp:attachment":[{"href":"https:\/\/www.ledbag.se\/index.php?rest_route=%2Fwp%2Fv2%2Fmedia&parent=2449"}],"wp:term":[{"taxonomy":"category","embeddable":true,"href":"https:\/\/www.ledbag.se\/index.php?rest_route=%2Fwp%2Fv2%2Fcategories&post=2449"},{"taxonomy":"post_tag","embeddable":true,"href":"https:\/\/www.ledbag.se\/index.php?rest_route=%2Fwp%2Fv2%2Ftags&post=2449"}],"curies":[{"name":"wp","href":"https:\/\/api.w.org\/{rel}","templated":true}]}}