{"id":2435,"date":"2016-08-15T20:26:55","date_gmt":"2016-08-15T19:26:55","guid":{"rendered":"http:\/\/www.ledbag.se\/?p=2435"},"modified":"2016-08-16T08:26:11","modified_gmt":"2016-08-16T07:26:11","slug":"konstituerande-mote-for-laxogerns-sf","status":"publish","type":"post","link":"https:\/\/www.ledbag.se\/?p=2435","title":{"rendered":"Konstituerande m\u00f6te f\u00f6r Lax\u00f6gerns SF"},"content":{"rendered":"<p><strong><a href=\"http:\/\/www.ledbag.se\/wp-content\/uploads\/2016\/08\/tack.jpg\"><img fetchpriority=\"high\" decoding=\"async\" class=\"alignleft size-full wp-image-2434\" src=\"http:\/\/www.ledbag.se\/wp-content\/uploads\/2016\/08\/tack.jpg\" alt=\"tack\" width=\"560\" height=\"340\" srcset=\"https:\/\/www.ledbag.se\/wp-content\/uploads\/2016\/08\/tack.jpg 560w, https:\/\/www.ledbag.se\/wp-content\/uploads\/2016\/08\/tack-300x182.jpg 300w\" sizes=\"(max-width: 560px) 100vw, 560px\" \/><\/a><\/strong><\/p>\n<p><a href=\"http:\/\/www.matsragnarsson.se\"><span style=\"color: #808080;\"><em><strong>Foto: MATS RAGNARSSON<\/strong><\/em><\/span><\/a><\/p>\n<p><strong><span style=\"color: #ff0000;\">PRESENT. <\/span>Under s\u00f6ndag eftermiddag den 14 augusti samlades den nyvalda styrelsen f\u00f6r Lax\u00f6gerns Samf\u00e4llighetsf\u00f6rening f\u00f6r sitt konstituerande m\u00f6te efter st\u00e4mman den 6 augusti.<\/strong><br \/>\n<strong>&#8211; Nu passade vi att formellt tacka f.d. sekreterare Ulf Classon med en present fr\u00e5n f\u00f6reningen d\u00e4r Ulfs ers\u00e4ttare i form av Helena R\u00f6nnmark fick \u00e4ran att \u00f6verl\u00e4mna paketet, s\u00e4ger ordf\u00f6rande Bengt Jonsson till ledbag.se.<\/strong><\/p>\n<p><!--more--><\/p>\n<p><strong>Koll p\u00e5 organsationen<\/strong><br \/>\nUnder ordf\u00f6rande Bengt Jonsson gick styrelsen igenom det kommande arbetet\/sysslor inom styrelsen.<\/p>\n<p>&#8211; Vi kommer att h\u00e5lla en arbetsdag l\u00f6rdag den 17 september kl 10.00 d\u00e4r vi bla ska f\u00f6rs\u00f6ka f\u00e5 till &#8221;lutande tornet i Pisa&#8221; (l\u00e4s: lysstolpen) nere vi hamnen. Mera utf\u00f6rlig information om denna dag kommer ut via mejl samt denna hemsida l\u00e4ngre fram, sade Bengt Jonsson.<\/p>\n<p>Ulf Classon avtackades med en present efter l\u00e5ng och trogen tj\u00e4nst.<\/p>\n<p>&#8211; Tror att jag varit sekreterare i snart \u00e5tta eller nio \u00e5r. Ett uppdrag som kanske inte varit det mest betungande men nu har min civila karri\u00e4r tagit fart och d\u00e5 k\u00e4nde jag att f\u00e5 l\u00e4mna detta uppdrag som givit mig otroligt mycket. Det \u00e4r m\u00e5nga m\u00e4nniskor man har f\u00e5tt tr\u00e4ffa under dessa \u00e5r, s\u00e4ger Ulf Classon.<\/p>\n<p>Ulf Classons eftertr\u00e4dare valdes p\u00e5 st\u00e4mman och \u00e4r Helena R\u00f6nnmark.<\/p>\n<p>&#8211; K\u00e4nns sp\u00e4nnade att f\u00e5 s\u00e4tta sig in i denna f\u00f6rening via detta uppdrag. Civilt jobbar jag som informat\u00f6r hos Polarbr\u00f6d s\u00e5 en vissa vana finns att skriva och h\u00e5lla ordning, s\u00e4ger Helena R\u00f6nnmark med glimten i \u00f6gat.<\/p>\n<p><strong>Plogning<\/strong><br \/>\nKommande vinter kommer den inte helt obekante Kurt Jonsson fr\u00e5n v\u00e5rt stugomr\u00e5de att ansvara f\u00f6r plogningen.<\/p>\n<p>&#8211; K\u00e4nns bra att vi har kunnat knyta upp Kurt, konstaterar Bengt Jonsson.<\/p>\n<p>Inom kort kommer f\u00f6reningens kass\u00f6r Mats Ragnarsson se till att avgifterna f\u00f6r kommande verksamhets\u00e5r g\u00e5r ut\u00a0ut till alla medlemmar.<\/p>\n<p>&#8211; Vi f\u00e5r se om vintern kommer tidigt eller sent detta verksamhets\u00e5r. De sista \u00e5ren har vi haft ganska bra vintrar vilket gjort att utfallet f\u00f6r just denna kostnad varit positiv. Men det \u00e4r en oerh\u00f6rt sv\u00e5r post att budgetera d\u00e5 vi sj\u00e4lva inte kan styra \u00f6ver v\u00e4dergudarna, s\u00e4ger Mats Ragnarsson.<\/p>\n<p><span style=\"color: #808080;\"><em><strong>\u00c4r det n\u00e5got som n\u00e5gon medlem undrar \u00f6ver eller saknar p\u00e5 denna hemsida, ta kontakt med ordf\u00f6rande Bengt Jonsson s\u00e5 ska vi g\u00f6ra v\u00e5rt b\u00e4sta att l\u00e4mna snabba svar. Bengt g\u00e5r att n\u00e5 p\u00e5:\u00a0bengt.jonsson@taftea.se<\/strong><\/em><\/span><\/p>\n","protected":false},"excerpt":{"rendered":"<p>Foto: MATS RAGNARSSON PRESENT. Under s\u00f6ndag eftermiddag den 14 augusti samlades den nyvalda styrelsen f\u00f6r Lax\u00f6gerns Samf\u00e4llighetsf\u00f6rening f\u00f6r sitt konstituerande m\u00f6te efter st\u00e4mman den 6 augusti. &#8211; Nu passade vi att formellt tacka f.d. sekreterare Ulf Classon med en present fr\u00e5n f\u00f6reningen d\u00e4r Ulfs ers\u00e4ttare i form av Helena R\u00f6nnmark fick \u00e4ran att \u00f6verl\u00e4mna paketet, &hellip; <\/p>\n<p class=\"link-more\"><a href=\"https:\/\/www.ledbag.se\/?p=2435\" class=\"more-link\">L\u00e4s mer<span class=\"screen-reader-text\"> \u201dKonstituerande m\u00f6te f\u00f6r Lax\u00f6gerns SF\u201d<\/span><\/a><\/p>\n","protected":false},"author":4,"featured_media":0,"comment_status":"open","ping_status":"open","sticky":false,"template":"","format":"standard","meta":{"_FSMCFIC_featured_image_caption":"","_FSMCFIC_featured_image_nocaption":"","_FSMCFIC_featured_image_hide":"","footnotes":""},"categories":[5],"tags":[],"class_list":["post-2435","post","type-post","status-publish","format-standard","hentry","category-sommar"],"cc_featured_image_caption":{"caption_text":false,"source_text":false,"source_url":false},"featured_media_urls":[],"_links":{"self":[{"href":"https:\/\/www.ledbag.se\/index.php?rest_route=\/wp\/v2\/posts\/2435","targetHints":{"allow":["GET"]}}],"collection":[{"href":"https:\/\/www.ledbag.se\/index.php?rest_route=\/wp\/v2\/posts"}],"about":[{"href":"https:\/\/www.ledbag.se\/index.php?rest_route=\/wp\/v2\/types\/post"}],"author":[{"embeddable":true,"href":"https:\/\/www.ledbag.se\/index.php?rest_route=\/wp\/v2\/users\/4"}],"replies":[{"embeddable":true,"href":"https:\/\/www.ledbag.se\/index.php?rest_route=%2Fwp%2Fv2%2Fcomments&post=2435"}],"version-history":[{"count":9,"href":"https:\/\/www.ledbag.se\/index.php?rest_route=\/wp\/v2\/posts\/2435\/revisions"}],"predecessor-version":[{"id":2444,"href":"https:\/\/www.ledbag.se\/index.php?rest_route=\/wp\/v2\/posts\/2435\/revisions\/2444"}],"wp:attachment":[{"href":"https:\/\/www.ledbag.se\/index.php?rest_route=%2Fwp%2Fv2%2Fmedia&parent=2435"}],"wp:term":[{"taxonomy":"category","embeddable":true,"href":"https:\/\/www.ledbag.se\/index.php?rest_route=%2Fwp%2Fv2%2Fcategories&post=2435"},{"taxonomy":"post_tag","embeddable":true,"href":"https:\/\/www.ledbag.se\/index.php?rest_route=%2Fwp%2Fv2%2Ftags&post=2435"}],"curies":[{"name":"wp","href":"https:\/\/api.w.org\/{rel}","templated":true}]}}