{"id":2409,"date":"2016-08-06T18:40:49","date_gmt":"2016-08-06T17:40:49","guid":{"rendered":"http:\/\/www.ledbag.se\/?p=2409"},"modified":"2016-08-06T18:53:51","modified_gmt":"2016-08-06T17:53:51","slug":"stabilt-mote-i-sjoboden","status":"publish","type":"post","link":"https:\/\/www.ledbag.se\/?p=2409","title":{"rendered":"Stabilt m\u00f6te i sj\u00f6boden"},"content":{"rendered":"<p><strong><span style=\"color: #ff0000;\"><a href=\"http:\/\/www.ledbag.se\/wp-content\/uploads\/2016\/08\/vag_1_160806.jpg\"><img fetchpriority=\"high\" decoding=\"async\" class=\"alignleft size-full wp-image-2407\" src=\"http:\/\/www.ledbag.se\/wp-content\/uploads\/2016\/08\/vag_1_160806.jpg\" alt=\"vag_1_160806\" width=\"560\" height=\"340\" srcset=\"https:\/\/www.ledbag.se\/wp-content\/uploads\/2016\/08\/vag_1_160806.jpg 560w, https:\/\/www.ledbag.se\/wp-content\/uploads\/2016\/08\/vag_1_160806-300x182.jpg 300w\" sizes=\"(max-width: 560px) 100vw, 560px\" \/><\/a><\/span><\/strong><\/p>\n<p><a href=\"http:\/\/www.matsragnarsson.se\"><span style=\"color: #808080;\"><em><strong>Foto: MATS RAGNARSSON<\/strong><\/em><\/span><\/a><\/p>\n<p><strong><span style=\"color: #ff0000;\">\u00c5RSST\u00c4MMA.<\/span> L\u00f6rdag eftermiddag den 6 augusti h\u00f6ll Lax\u00f6gerns Samf\u00e4llighetsf\u00f6rening sin \u00e5rsst\u00e4mma f\u00f6r verksamhets\u00e5ret 2015\/16 i sj\u00f6boden vid hamnen.<\/strong><br \/>\n<strong>&#8211; Tack till Ulf Classon som tackade f\u00f6r sig efter ett stort antal \u00e5r som f\u00f6reningens sekreterare och v\u00e4lkommen Helena R\u00f6nnmark som axlar hans arbetsuppgifter, ber\u00e4ttar f\u00f6reningens ordf\u00f6rande Bengt Jonsson till ledbag.se efter m\u00f6tets avslutande.<\/strong><\/p>\n<p><!--more--><\/p>\n<p><strong>Ekonomi i balans<\/strong><br \/>\nM\u00f6tet med runt 15 deltagare genomf\u00f6rde m\u00f6tet enligt den kallelse\/dagordning som g\u00e5tt ut till alla medlemmar i f\u00f6reningen.<\/p>\n<p>Ordf\u00f6rande Bengt Jonsson ber\u00e4ttade om de insatser som gjorts under verksamhets\u00e5ret och informerade om att h\u00f6stens arbetsdag blir l\u00f6rdag den 24 september.<\/p>\n<p>Ekonomin f\u00f6redrogs av kass\u00f6ren Mats Ragnarsson och d\u00e4r kunde vi konstatera att f\u00f6reningen haft en oms\u00e4ttning p\u00e5 ca 40 000 kronor, \u00f6verskott p\u00e5 3 303 kronor. Det egna kapitalet per bokslutsdatum 30\/6 \u00e4r 90 486 kronor.<\/p>\n<p>\u00c5rsm\u00f6tesprotokoll och \u00f6vriga handlingar kommer att l\u00e4gga upp p\u00e5 denna hemsida senare under augusti m\u00e5nad.<\/p>\n<p><a href=\"http:\/\/www.ledbag.se\/wp-content\/uploads\/2016\/08\/vag_2_160806.jpg\"><img decoding=\"async\" class=\"alignleft size-full wp-image-2408\" src=\"http:\/\/www.ledbag.se\/wp-content\/uploads\/2016\/08\/vag_2_160806.jpg\" alt=\"vag_2_160806\" width=\"560\" height=\"340\" srcset=\"https:\/\/www.ledbag.se\/wp-content\/uploads\/2016\/08\/vag_2_160806.jpg 560w, https:\/\/www.ledbag.se\/wp-content\/uploads\/2016\/08\/vag_2_160806-300x182.jpg 300w\" sizes=\"(max-width: 560px) 100vw, 560px\" \/><\/a><\/p>\n","protected":false},"excerpt":{"rendered":"<p>Foto: MATS RAGNARSSON \u00c5RSST\u00c4MMA. L\u00f6rdag eftermiddag den 6 augusti h\u00f6ll Lax\u00f6gerns Samf\u00e4llighetsf\u00f6rening sin \u00e5rsst\u00e4mma f\u00f6r verksamhets\u00e5ret 2015\/16 i sj\u00f6boden vid hamnen. &#8211; Tack till Ulf Classon som tackade f\u00f6r sig efter ett stort antal \u00e5r som f\u00f6reningens sekreterare och v\u00e4lkommen Helena R\u00f6nnmark som axlar hans arbetsuppgifter, ber\u00e4ttar f\u00f6reningens ordf\u00f6rande Bengt Jonsson till ledbag.se efter m\u00f6tets &hellip; <\/p>\n<p class=\"link-more\"><a href=\"https:\/\/www.ledbag.se\/?p=2409\" class=\"more-link\">L\u00e4s mer<span class=\"screen-reader-text\"> \u201dStabilt m\u00f6te i sj\u00f6boden\u201d<\/span><\/a><\/p>\n","protected":false},"author":4,"featured_media":0,"comment_status":"open","ping_status":"open","sticky":false,"template":"","format":"standard","meta":{"_FSMCFIC_featured_image_caption":"","_FSMCFIC_featured_image_nocaption":"","_FSMCFIC_featured_image_hide":"","footnotes":""},"categories":[5],"tags":[],"class_list":["post-2409","post","type-post","status-publish","format-standard","hentry","category-sommar"],"cc_featured_image_caption":{"caption_text":false,"source_text":false,"source_url":false},"featured_media_urls":[],"_links":{"self":[{"href":"https:\/\/www.ledbag.se\/index.php?rest_route=\/wp\/v2\/posts\/2409","targetHints":{"allow":["GET"]}}],"collection":[{"href":"https:\/\/www.ledbag.se\/index.php?rest_route=\/wp\/v2\/posts"}],"about":[{"href":"https:\/\/www.ledbag.se\/index.php?rest_route=\/wp\/v2\/types\/post"}],"author":[{"embeddable":true,"href":"https:\/\/www.ledbag.se\/index.php?rest_route=\/wp\/v2\/users\/4"}],"replies":[{"embeddable":true,"href":"https:\/\/www.ledbag.se\/index.php?rest_route=%2Fwp%2Fv2%2Fcomments&post=2409"}],"version-history":[{"count":6,"href":"https:\/\/www.ledbag.se\/index.php?rest_route=\/wp\/v2\/posts\/2409\/revisions"}],"predecessor-version":[{"id":2415,"href":"https:\/\/www.ledbag.se\/index.php?rest_route=\/wp\/v2\/posts\/2409\/revisions\/2415"}],"wp:attachment":[{"href":"https:\/\/www.ledbag.se\/index.php?rest_route=%2Fwp%2Fv2%2Fmedia&parent=2409"}],"wp:term":[{"taxonomy":"category","embeddable":true,"href":"https:\/\/www.ledbag.se\/index.php?rest_route=%2Fwp%2Fv2%2Fcategories&post=2409"},{"taxonomy":"post_tag","embeddable":true,"href":"https:\/\/www.ledbag.se\/index.php?rest_route=%2Fwp%2Fv2%2Ftags&post=2409"}],"curies":[{"name":"wp","href":"https:\/\/api.w.org\/{rel}","templated":true}]}}