{"id":2395,"date":"2016-07-30T16:05:19","date_gmt":"2016-07-30T15:05:19","guid":{"rendered":"http:\/\/www.ledbag.se\/?p=2395"},"modified":"2016-07-30T16:50:56","modified_gmt":"2016-07-30T15:50:56","slug":"kort-rapport-fran-stora-vagens-arsstamma","status":"publish","type":"post","link":"https:\/\/www.ledbag.se\/?p=2395","title":{"rendered":"Kort rapport fr\u00e5n stora v\u00e4gens \u00e5rsst\u00e4mma"},"content":{"rendered":"<p><strong><span style=\"color: #ff0000;\"><a href=\"http:\/\/www.ledbag.se\/wp-content\/uploads\/2016\/07\/m\u00f6te-kvarken.jpg\"><img fetchpriority=\"high\" decoding=\"async\" class=\"alignleft size-full wp-image-2396\" src=\"http:\/\/www.ledbag.se\/wp-content\/uploads\/2016\/07\/m\u00f6te-kvarken.jpg\" alt=\"m\u00f6te kvarken\" width=\"560\" height=\"340\" srcset=\"https:\/\/www.ledbag.se\/wp-content\/uploads\/2016\/07\/m\u00f6te-kvarken.jpg 560w, https:\/\/www.ledbag.se\/wp-content\/uploads\/2016\/07\/m\u00f6te-kvarken-300x182.jpg 300w\" sizes=\"(max-width: 560px) 100vw, 560px\" \/><\/a><\/span><\/strong><\/p>\n<p><strong><em><a href=\"http:\/\/www.matsragnarsson.se\">Foto: MATS RAGNARSSON<\/a><\/em><\/strong><\/p>\n<p><strong><span style=\"color: #ff0000;\">BRA UPPSTYRT.<\/span> Precis som i v\u00e5r &#8221;lilla&#8221; f\u00f6rening d\u00e4r vi f\u00f6rs\u00f6ker ha ordning &amp; reda gick det att f\u00f6lja samma m\u00f6nster n\u00e4r Rov\u00f6gerns V\u00e4gsamf\u00e4llighet h\u00f6ll sitt m\u00f6te ute hos Kvarken Fisk l\u00f6rdag eftermiddag.<\/strong><br \/>\n<strong>&#8211; Tack f\u00f6r f\u00f6rtroendet och nu har jag f\u00e5tt energi att forts\u00e4tta v\u00e5rt arbete i styrelsen, sade f\u00f6reningens ordf\u00f6rande Olof Degerfeldt i samband med att m\u00f6tet avslutades p\u00e5 rekordsnabba 60 minuter.<\/strong><\/p>\n<p><!--more--><\/p>\n<p><strong>Gick som p\u00e5 en r\u00e4ls<\/strong><br \/>\nM\u00f6tets formella punkter kunde avhandlas med ett litet &#8221;hack&#8221; inf\u00f6r st\u00e4mmans beslut om ansvarsfrihet f\u00f6r styrelsen.<\/p>\n<p>H\u00e4r fick en medlem ge sin syn p\u00e5 varf\u00f6r han och en granne till gjort en polisanm\u00e4lan mot v\u00e4gf\u00f6reningen. \u00a0Efter diskussion fram och tillbaka kunde st\u00e4mman g\u00e5 till beslut och styrelsen fick ansvarsfrihet med tv\u00e5 medlemmar som inte l\u00e4mnade ansvarsfrihet<\/p>\n<p>Det mesta av allt material som avhandlades g\u00e5r att hitta igen via f\u00f6reningens<strong><span style=\"color: #ff0000;\"> <a style=\"color: #ff0000;\" href=\"http:\/\/www.rovogern.com\/\">hemsida\u00a0<\/a>.<\/span><\/strong><\/p>\n<p>Representant fr\u00e5n Kaj Johanssons \u00c5keri vara n\u00e4rvarande f\u00f6r att svara p\u00e5 fr\u00e5gor fr\u00e5n medlemmarna och informerade n\u00e4r arbetet av v\u00e4gen skulle p\u00e5b\u00f6rjas igen. Bra uppstyrt!<\/p>\n<p><strong>Bredband<\/strong><br \/>\nEn punkt som vi fr\u00e5n webbredaktionen vill lyfta mot v\u00e5ra medlemmar \u00e4r att indragningen av fiber p\u00e5g\u00e5r f\u00f6r fullt och prislappen \u00e4r runt 10 000 kronor. \u00a0F\u00f6r den som vill hoppa p\u00e5 senare blir prislappen runt 25 000 kronor.<\/p>\n<p>L\u00e4ge kanske att ta sig en funderare igen f\u00f6r den som inte hoppat p\u00e5 t\u00e5get. <strong><span style=\"color: #ff0000;\"><a style=\"color: #ff0000;\" href=\"http:\/\/vag.rovogern.com\/projekt\/fiberutbyggnad\">Intresseanm\u00e4lan<\/a><\/span><\/strong> m\u00e5ste g\u00f6ras under f\u00f6rsta delen av augusti 2016.<\/p>\n<p>M\u00e5ls\u00e4ttningen \u00e4r att alla\u00a0fiberinstallationer kommer att vara utf\u00f6rda och i drift h\u00f6sten 2017.<\/p>\n","protected":false},"excerpt":{"rendered":"<p>Foto: MATS RAGNARSSON BRA UPPSTYRT. Precis som i v\u00e5r &#8221;lilla&#8221; f\u00f6rening d\u00e4r vi f\u00f6rs\u00f6ker ha ordning &amp; reda gick det att f\u00f6lja samma m\u00f6nster n\u00e4r Rov\u00f6gerns V\u00e4gsamf\u00e4llighet h\u00f6ll sitt m\u00f6te ute hos Kvarken Fisk l\u00f6rdag eftermiddag. &#8211; Tack f\u00f6r f\u00f6rtroendet och nu har jag f\u00e5tt energi att forts\u00e4tta v\u00e5rt arbete i styrelsen, sade f\u00f6reningens ordf\u00f6rande &hellip; <\/p>\n<p class=\"link-more\"><a href=\"https:\/\/www.ledbag.se\/?p=2395\" class=\"more-link\">L\u00e4s mer<span class=\"screen-reader-text\"> \u201dKort rapport fr\u00e5n stora v\u00e4gens \u00e5rsst\u00e4mma\u201d<\/span><\/a><\/p>\n","protected":false},"author":4,"featured_media":0,"comment_status":"open","ping_status":"open","sticky":false,"template":"","format":"standard","meta":{"_FSMCFIC_featured_image_caption":"","_FSMCFIC_featured_image_nocaption":"","_FSMCFIC_featured_image_hide":"","footnotes":""},"categories":[5],"tags":[],"class_list":["post-2395","post","type-post","status-publish","format-standard","hentry","category-sommar"],"cc_featured_image_caption":{"caption_text":false,"source_text":false,"source_url":false},"featured_media_urls":[],"_links":{"self":[{"href":"https:\/\/www.ledbag.se\/index.php?rest_route=\/wp\/v2\/posts\/2395","targetHints":{"allow":["GET"]}}],"collection":[{"href":"https:\/\/www.ledbag.se\/index.php?rest_route=\/wp\/v2\/posts"}],"about":[{"href":"https:\/\/www.ledbag.se\/index.php?rest_route=\/wp\/v2\/types\/post"}],"author":[{"embeddable":true,"href":"https:\/\/www.ledbag.se\/index.php?rest_route=\/wp\/v2\/users\/4"}],"replies":[{"embeddable":true,"href":"https:\/\/www.ledbag.se\/index.php?rest_route=%2Fwp%2Fv2%2Fcomments&post=2395"}],"version-history":[{"count":9,"href":"https:\/\/www.ledbag.se\/index.php?rest_route=\/wp\/v2\/posts\/2395\/revisions"}],"predecessor-version":[{"id":2405,"href":"https:\/\/www.ledbag.se\/index.php?rest_route=\/wp\/v2\/posts\/2395\/revisions\/2405"}],"wp:attachment":[{"href":"https:\/\/www.ledbag.se\/index.php?rest_route=%2Fwp%2Fv2%2Fmedia&parent=2395"}],"wp:term":[{"taxonomy":"category","embeddable":true,"href":"https:\/\/www.ledbag.se\/index.php?rest_route=%2Fwp%2Fv2%2Fcategories&post=2395"},{"taxonomy":"post_tag","embeddable":true,"href":"https:\/\/www.ledbag.se\/index.php?rest_route=%2Fwp%2Fv2%2Ftags&post=2395"}],"curies":[{"name":"wp","href":"https:\/\/api.w.org\/{rel}","templated":true}]}}