{"id":2357,"date":"2016-07-16T16:00:47","date_gmt":"2016-07-16T15:00:47","guid":{"rendered":"http:\/\/www.ledbag.se\/?p=2357"},"modified":"2016-07-17T05:36:06","modified_gmt":"2016-07-17T04:36:06","slug":"ansvarsfrihet-klubbades-igenom-hemma-hos-andersson","status":"publish","type":"post","link":"https:\/\/www.ledbag.se\/?p=2357","title":{"rendered":"Ansvarsfrihet klubbades igenom"},"content":{"rendered":"<p><strong><span style=\"color: #ff0000;\"><a href=\"http:\/\/www.ledbag.se\/wp-content\/uploads\/2016\/07\/mote_5.jpg\"><img fetchpriority=\"high\" decoding=\"async\" class=\"alignleft size-full wp-image-2352\" src=\"http:\/\/www.ledbag.se\/wp-content\/uploads\/2016\/07\/mote_5.jpg\" alt=\"mote_5\" width=\"560\" height=\"373\" srcset=\"https:\/\/www.ledbag.se\/wp-content\/uploads\/2016\/07\/mote_5.jpg 560w, https:\/\/www.ledbag.se\/wp-content\/uploads\/2016\/07\/mote_5-300x200.jpg 300w\" sizes=\"(max-width: 560px) 100vw, 560px\" \/><\/a><\/span><\/strong><\/p>\n<p><a href=\"http:\/\/www.matsragnarsson.se\"><em><strong>Foto: MATS RAGNARSSON<\/strong><\/em><\/a><\/p>\n<p><strong><span style=\"color: #ff0000;\">\u00c5RSST\u00c4MMA 2015\/16.<\/span> Under l\u00f6rdag eftermiddag den 15 juli avhandlade Ledsk\u00e4rs-B\u00e5del\u00f6gerns V\u00e4gf\u00f6rening sitt 44:e verksamhets\u00e5r, denna g\u00e5ng hemma hos Markus &amp; Britta Andersson.<\/strong><br \/>\n<strong>&#8211; Mitt f\u00f6rsta \u00e5r som ordf\u00f6rande i f\u00f6reningen \u00e4r avklarad och jag m\u00e5ste ge cred till st\u00e4mmans m\u00f6tesordf\u00f6rande Urban Sandstr\u00f6m som styrde dagordningen p\u00e5 ett f\u00f6rtj\u00e4nstfullt s\u00e4tt, ber\u00e4ttar Per-Ola Glaas till ledbag.se.<\/strong><\/p>\n<p><!--more--><\/p>\n<p><strong>H\u00f6jd avgift<\/strong><br \/>\nM\u00f6tet beslutade att h\u00f6ja \u00e5rsavgiften med 150 kronor med motivering att kunna forts\u00e4tta l\u00e4gga ut fem gruslass f\u00f6r att bibeh\u00e5lla v\u00e5r standard efter v\u00e4gen samt att budgeten \u00e4r h\u00f6jd n\u00e4r det g\u00e4ller plogningen.<\/p>\n<p>&#8211; Vi har haft bra vintrar de senaste \u00e5ren och nu har vi med i budget om det skulle kunna bli en normal vinter s\u00e4ger Glaas och forts\u00e4tter:<\/p>\n<p>&#8211; En kostnad som vi har \u00e5kt p\u00e5 detta \u00e5r \u00e4r f\u00f6reningens saltspridare (l\u00e4s: 6 000 kronor). Den budget som vi jobbar efter nu efter st\u00e4mman \u00e4r att vi kommer att g\u00e5 n\u00e5gra tusen back och hamnar p\u00e5 ett eget kapital runt 12 000 kronor.<\/p>\n<p><strong>Buffert<\/strong><br \/>\nEn ny punkt som kom kom upp p\u00e5 dagordningen under \u00f6vriga fr\u00e5gor \u00e4r vilket kapital som v\u00e5r f\u00f6rening b\u00f6r ligga p\u00e5 f\u00f6r att klara av ov\u00e4ntade uppgifter.<\/p>\n<p>&#8211; H\u00e4r enades vi om att f\u00f6reningens m\u00e5l \u00e4r att ligga p\u00e5 runt 15 000 kronor.<\/p>\n<p>Alla inbrott och st\u00f6lder av f\u00f6rst och fr\u00e4mst b\u00e5tmotorer var \u00e4ven uppe under \u00f6vriga fr\u00e5gor och den finns inget facit vad man kan g\u00f6ra utan att vara forts\u00e4tt uppm\u00e4rksam p\u00e5 om det r\u00f6r sig ok\u00e4nda bilar i omr\u00e5det att anteckna bilnummer.<\/p>\n<p>&#8211; Gott fika fick vi ocks\u00e5, skriv det sa Per-Ola Glaas v\u00e4nligt men best\u00e4mt till redaktionens uts\u00e4nde.<\/p>\n<p>Uppdatering av hemsidan kommer att ske inom den n\u00e4rmaste tiden med budget, organisation m.m.<\/p>\n<div id='gallery-1' class='gallery galleryid-2357 gallery-columns-2 gallery-size-full'><figure class='gallery-item'>\n\t\t\t<div class='gallery-icon landscape'>\n\t\t\t\t<a href='https:\/\/www.ledbag.se\/?attachment_id=2355'><img decoding=\"async\" width=\"560\" height=\"373\" src=\"https:\/\/www.ledbag.se\/wp-content\/uploads\/2016\/07\/mote_8.jpg\" class=\"attachment-full size-full\" alt=\"\" aria-describedby=\"gallery-1-2355\" srcset=\"https:\/\/www.ledbag.se\/wp-content\/uploads\/2016\/07\/mote_8.jpg 560w, https:\/\/www.ledbag.se\/wp-content\/uploads\/2016\/07\/mote_8-300x200.jpg 300w\" sizes=\"100vw\" \/><\/a>\n\t\t\t<\/div>\n\t\t\t\t<figcaption class='wp-caption-text gallery-caption' id='gallery-1-2355'>\n\t\t\t\tUrban Sandstr\u00f6m valdes till m\u00f6tesordf\u00f6rande.\n\t\t\t\t<\/figcaption><\/figure><figure class='gallery-item'>\n\t\t\t<div class='gallery-icon landscape'>\n\t\t\t\t<a href='https:\/\/www.ledbag.se\/?attachment_id=2353'><img decoding=\"async\" width=\"560\" height=\"373\" src=\"https:\/\/www.ledbag.se\/wp-content\/uploads\/2016\/07\/mote_6.jpg\" class=\"attachment-full size-full\" alt=\"\" aria-describedby=\"gallery-1-2353\" srcset=\"https:\/\/www.ledbag.se\/wp-content\/uploads\/2016\/07\/mote_6.jpg 560w, https:\/\/www.ledbag.se\/wp-content\/uploads\/2016\/07\/mote_6-300x200.jpg 300w\" sizes=\"100vw\" \/><\/a>\n\t\t\t<\/div>\n\t\t\t\t<figcaption class='wp-caption-text gallery-caption' id='gallery-1-2353'>\n\t\t\t\tLouise \u00d6kvist Forsman och Susanne Haugen\n\t\t\t\t<\/figcaption><\/figure><figure class='gallery-item'>\n\t\t\t<div class='gallery-icon landscape'>\n\t\t\t\t<a href='https:\/\/www.ledbag.se\/?attachment_id=2356'><img loading=\"lazy\" decoding=\"async\" width=\"560\" height=\"373\" src=\"https:\/\/www.ledbag.se\/wp-content\/uploads\/2016\/07\/mote_9.jpg\" class=\"attachment-full size-full\" alt=\"\" aria-describedby=\"gallery-1-2356\" srcset=\"https:\/\/www.ledbag.se\/wp-content\/uploads\/2016\/07\/mote_9.jpg 560w, https:\/\/www.ledbag.se\/wp-content\/uploads\/2016\/07\/mote_9-300x200.jpg 300w\" sizes=\"100vw\" \/><\/a>\n\t\t\t<\/div>\n\t\t\t\t<figcaption class='wp-caption-text gallery-caption' id='gallery-1-2356'>\n\t\t\t\tLalia Andersson lyssnar p\u00e5 vad som s\u00e4gs.\n\t\t\t\t<\/figcaption><\/figure><figure class='gallery-item'>\n\t\t\t<div class='gallery-icon landscape'>\n\t\t\t\t<a href='https:\/\/www.ledbag.se\/?attachment_id=2350'><img loading=\"lazy\" decoding=\"async\" width=\"560\" height=\"373\" src=\"https:\/\/www.ledbag.se\/wp-content\/uploads\/2016\/07\/mote_3.jpg\" class=\"attachment-full size-full\" alt=\"\" aria-describedby=\"gallery-1-2350\" srcset=\"https:\/\/www.ledbag.se\/wp-content\/uploads\/2016\/07\/mote_3.jpg 560w, https:\/\/www.ledbag.se\/wp-content\/uploads\/2016\/07\/mote_3-300x200.jpg 300w\" sizes=\"100vw\" \/><\/a>\n\t\t\t<\/div>\n\t\t\t\t<figcaption class='wp-caption-text gallery-caption' id='gallery-1-2350'>\n\t\t\t\tGun-Britt Ragnarsson och Karin Lundstr\u00f6m h\u00e4lsar p\u00e5 varandra.\n\t\t\t\t<\/figcaption><\/figure><figure class='gallery-item'>\n\t\t\t<div class='gallery-icon landscape'>\n\t\t\t\t<a href='https:\/\/www.ledbag.se\/?attachment_id=2349'><img loading=\"lazy\" decoding=\"async\" width=\"560\" height=\"373\" src=\"https:\/\/www.ledbag.se\/wp-content\/uploads\/2016\/07\/mote_2.jpg\" class=\"attachment-full size-full\" alt=\"\" aria-describedby=\"gallery-1-2349\" srcset=\"https:\/\/www.ledbag.se\/wp-content\/uploads\/2016\/07\/mote_2.jpg 560w, https:\/\/www.ledbag.se\/wp-content\/uploads\/2016\/07\/mote_2-300x200.jpg 300w\" sizes=\"100vw\" \/><\/a>\n\t\t\t<\/div>\n\t\t\t\t<figcaption class='wp-caption-text gallery-caption' id='gallery-1-2349'>\n\t\t\t\tUrban Sandstr\u00f6m och Daniel Forsman l\u00e4ser in sig p\u00e5 verksamhetsber\u00e4ttelsen.\n\t\t\t\t<\/figcaption><\/figure><figure class='gallery-item'>\n\t\t\t<div class='gallery-icon landscape'>\n\t\t\t\t<a href='https:\/\/www.ledbag.se\/?attachment_id=2371'><img loading=\"lazy\" decoding=\"async\" width=\"560\" height=\"373\" src=\"https:\/\/www.ledbag.se\/wp-content\/uploads\/2016\/07\/mote_1.jpg\" class=\"attachment-full size-full\" alt=\"\" aria-describedby=\"gallery-1-2371\" srcset=\"https:\/\/www.ledbag.se\/wp-content\/uploads\/2016\/07\/mote_1.jpg 560w, https:\/\/www.ledbag.se\/wp-content\/uploads\/2016\/07\/mote_1-300x200.jpg 300w\" sizes=\"100vw\" \/><\/a>\n\t\t\t<\/div>\n\t\t\t\t<figcaption class='wp-caption-text gallery-caption' id='gallery-1-2371'>\n\t\t\t\tM\u00f6tesdeltagarna anl\u00e4nder och b\u00f6rjar s\u00e4tta sig.\n\t\t\t\t<\/figcaption><\/figure><figure class='gallery-item'>\n\t\t\t<div class='gallery-icon landscape'>\n\t\t\t\t<a href='https:\/\/www.ledbag.se\/?attachment_id=2351'><img loading=\"lazy\" decoding=\"async\" width=\"560\" height=\"373\" src=\"https:\/\/www.ledbag.se\/wp-content\/uploads\/2016\/07\/mote_4.jpg\" class=\"attachment-full size-full\" alt=\"\" aria-describedby=\"gallery-1-2351\" srcset=\"https:\/\/www.ledbag.se\/wp-content\/uploads\/2016\/07\/mote_4.jpg 560w, https:\/\/www.ledbag.se\/wp-content\/uploads\/2016\/07\/mote_4-300x200.jpg 300w\" sizes=\"100vw\" \/><\/a>\n\t\t\t<\/div>\n\t\t\t\t<figcaption class='wp-caption-text gallery-caption' id='gallery-1-2351'>\n\t\t\t\tDavid Larsson p\u00e5minde om att festen senare samma kv\u00e4ll var hemma hos honom och Malin.\n\t\t\t\t<\/figcaption><\/figure><figure class='gallery-item'>\n\t\t\t<div class='gallery-icon landscape'>\n\t\t\t\t<a href='https:\/\/www.ledbag.se\/?attachment_id=2354'><img loading=\"lazy\" decoding=\"async\" width=\"560\" height=\"373\" src=\"https:\/\/www.ledbag.se\/wp-content\/uploads\/2016\/07\/mote_7.jpg\" class=\"attachment-full size-full\" alt=\"\" aria-describedby=\"gallery-1-2354\" srcset=\"https:\/\/www.ledbag.se\/wp-content\/uploads\/2016\/07\/mote_7.jpg 560w, https:\/\/www.ledbag.se\/wp-content\/uploads\/2016\/07\/mote_7-300x200.jpg 300w\" sizes=\"100vw\" \/><\/a>\n\t\t\t<\/div>\n\t\t\t\t<figcaption class='wp-caption-text gallery-caption' id='gallery-1-2354'>\n\t\t\t\tKarin Lundstr\u00f6m och Anita Andersson bevakar kaffetermosen.\n\t\t\t\t<\/figcaption><\/figure>\n\t\t<\/div>\n\n","protected":false},"excerpt":{"rendered":"<p>Foto: MATS RAGNARSSON \u00c5RSST\u00c4MMA 2015\/16. Under l\u00f6rdag eftermiddag den 15 juli avhandlade Ledsk\u00e4rs-B\u00e5del\u00f6gerns V\u00e4gf\u00f6rening sitt 44:e verksamhets\u00e5r, denna g\u00e5ng hemma hos Markus &amp; Britta Andersson. &#8211; Mitt f\u00f6rsta \u00e5r som ordf\u00f6rande i f\u00f6reningen \u00e4r avklarad och jag m\u00e5ste ge cred till st\u00e4mmans m\u00f6tesordf\u00f6rande Urban Sandstr\u00f6m som styrde dagordningen p\u00e5 ett f\u00f6rtj\u00e4nstfullt s\u00e4tt, ber\u00e4ttar Per-Ola Glaas &hellip; <\/p>\n<p class=\"link-more\"><a href=\"https:\/\/www.ledbag.se\/?p=2357\" class=\"more-link\">L\u00e4s mer<span class=\"screen-reader-text\"> \u201dAnsvarsfrihet klubbades igenom\u201d<\/span><\/a><\/p>\n","protected":false},"author":4,"featured_media":0,"comment_status":"open","ping_status":"open","sticky":false,"template":"","format":"standard","meta":{"_FSMCFIC_featured_image_caption":"","_FSMCFIC_featured_image_nocaption":"","_FSMCFIC_featured_image_hide":"","footnotes":""},"categories":[5],"tags":[],"class_list":["post-2357","post","type-post","status-publish","format-standard","hentry","category-sommar"],"cc_featured_image_caption":{"caption_text":false,"source_text":false,"source_url":false},"featured_media_urls":[],"_links":{"self":[{"href":"https:\/\/www.ledbag.se\/index.php?rest_route=\/wp\/v2\/posts\/2357","targetHints":{"allow":["GET"]}}],"collection":[{"href":"https:\/\/www.ledbag.se\/index.php?rest_route=\/wp\/v2\/posts"}],"about":[{"href":"https:\/\/www.ledbag.se\/index.php?rest_route=\/wp\/v2\/types\/post"}],"author":[{"embeddable":true,"href":"https:\/\/www.ledbag.se\/index.php?rest_route=\/wp\/v2\/users\/4"}],"replies":[{"embeddable":true,"href":"https:\/\/www.ledbag.se\/index.php?rest_route=%2Fwp%2Fv2%2Fcomments&post=2357"}],"version-history":[{"count":12,"href":"https:\/\/www.ledbag.se\/index.php?rest_route=\/wp\/v2\/posts\/2357\/revisions"}],"predecessor-version":[{"id":2372,"href":"https:\/\/www.ledbag.se\/index.php?rest_route=\/wp\/v2\/posts\/2357\/revisions\/2372"}],"wp:attachment":[{"href":"https:\/\/www.ledbag.se\/index.php?rest_route=%2Fwp%2Fv2%2Fmedia&parent=2357"}],"wp:term":[{"taxonomy":"category","embeddable":true,"href":"https:\/\/www.ledbag.se\/index.php?rest_route=%2Fwp%2Fv2%2Fcategories&post=2357"},{"taxonomy":"post_tag","embeddable":true,"href":"https:\/\/www.ledbag.se\/index.php?rest_route=%2Fwp%2Fv2%2Ftags&post=2357"}],"curies":[{"name":"wp","href":"https:\/\/api.w.org\/{rel}","templated":true}]}}