{"id":2303,"date":"2016-04-26T18:45:42","date_gmt":"2016-04-26T17:45:42","guid":{"rendered":"http:\/\/www.ledbag.se\/?p=2303"},"modified":"2016-04-27T16:47:20","modified_gmt":"2016-04-27T15:47:20","slug":"viktiga-datum-for-kalendern","status":"publish","type":"post","link":"https:\/\/www.ledbag.se\/?p=2303","title":{"rendered":"Viktiga datum f\u00f6r kalendern"},"content":{"rendered":"<p><strong><span style=\"color: #ff0000;\"><a href=\"http:\/\/www.ledbag.se\/wp-content\/uploads\/2016\/04\/stuga.jpg\" rel=\"attachment wp-att-2304\"><img fetchpriority=\"high\" decoding=\"async\" class=\"alignleft wp-image-2304\" src=\"http:\/\/www.ledbag.se\/wp-content\/uploads\/2016\/04\/stuga.jpg\" alt=\"stuga\" width=\"560\" height=\"374\" srcset=\"https:\/\/www.ledbag.se\/wp-content\/uploads\/2016\/04\/stuga.jpg 1024w, https:\/\/www.ledbag.se\/wp-content\/uploads\/2016\/04\/stuga-300x200.jpg 300w, https:\/\/www.ledbag.se\/wp-content\/uploads\/2016\/04\/stuga-768x513.jpg 768w, https:\/\/www.ledbag.se\/wp-content\/uploads\/2016\/04\/stuga-640x428.jpg 640w\" sizes=\"(max-width: 560px) 100vw, 560px\" \/><\/a><\/span><\/strong><\/p>\n<p><em>Foto: MATS RAGNARSSON<\/em><\/p>\n<p><strong><span style=\"color: #ff0000;\">KALENDER.<\/span> Styrelsen f\u00f6r Ledsk\u00e4rs-B\u00e5del\u00f6gerns V\u00e4gf\u00f6rening vill med denna bl\u00e4nkare g\u00f6ra l\u00e4sarna uppm\u00e4rksamma f\u00f6r f\u00f6ljande datum l\u00e4ngre fram i v\u00e5r\/sommar. Arbetsdag l\u00f6rdag 28 maj kl 10.00 (p\u00e5minnelse kommer via mejl l\u00e4ngre fram samtidigt att detta ansl\u00e5s p\u00e5 informationstavlan), \u00e5rsst\u00e4mma (verksamhets\u00e5ret 2015\/16) l\u00f6rdag 16 juli kl 15.oo hemma hos Britta &amp; Marcus Andersson<\/strong><\/p>\n<p><!--more--><\/p>\n<p><strong>Kv\u00e4llsfest<\/strong><br \/>\nI traditionens tecken tr\u00e4ffas vi lite senare p\u00e5 kv\u00e4llen (kl. 18.00) f\u00f6r socialt samkv\u00e4m. Detta \u00e5r hemma hos Malin Brundin &amp; David Larsson enligt modellen knytkalas.<\/p>\n","protected":false},"excerpt":{"rendered":"<p>Foto: MATS RAGNARSSON KALENDER. Styrelsen f\u00f6r Ledsk\u00e4rs-B\u00e5del\u00f6gerns V\u00e4gf\u00f6rening vill med denna bl\u00e4nkare g\u00f6ra l\u00e4sarna uppm\u00e4rksamma f\u00f6r f\u00f6ljande datum l\u00e4ngre fram i v\u00e5r\/sommar. Arbetsdag l\u00f6rdag 28 maj kl 10.00 (p\u00e5minnelse kommer via mejl l\u00e4ngre fram samtidigt att detta ansl\u00e5s p\u00e5 informationstavlan), \u00e5rsst\u00e4mma (verksamhets\u00e5ret 2015\/16) l\u00f6rdag 16 juli kl 15.oo hemma hos Britta &amp; Marcus Andersson<\/p>\n","protected":false},"author":4,"featured_media":0,"comment_status":"open","ping_status":"open","sticky":false,"template":"","format":"standard","meta":{"_FSMCFIC_featured_image_caption":"","_FSMCFIC_featured_image_nocaption":"","_FSMCFIC_featured_image_hide":"","footnotes":""},"categories":[4],"tags":[],"class_list":["post-2303","post","type-post","status-publish","format-standard","hentry","category-var"],"cc_featured_image_caption":{"caption_text":false,"source_text":false,"source_url":false},"featured_media_urls":[],"_links":{"self":[{"href":"https:\/\/www.ledbag.se\/index.php?rest_route=\/wp\/v2\/posts\/2303","targetHints":{"allow":["GET"]}}],"collection":[{"href":"https:\/\/www.ledbag.se\/index.php?rest_route=\/wp\/v2\/posts"}],"about":[{"href":"https:\/\/www.ledbag.se\/index.php?rest_route=\/wp\/v2\/types\/post"}],"author":[{"embeddable":true,"href":"https:\/\/www.ledbag.se\/index.php?rest_route=\/wp\/v2\/users\/4"}],"replies":[{"embeddable":true,"href":"https:\/\/www.ledbag.se\/index.php?rest_route=%2Fwp%2Fv2%2Fcomments&post=2303"}],"version-history":[{"count":7,"href":"https:\/\/www.ledbag.se\/index.php?rest_route=\/wp\/v2\/posts\/2303\/revisions"}],"predecessor-version":[{"id":2316,"href":"https:\/\/www.ledbag.se\/index.php?rest_route=\/wp\/v2\/posts\/2303\/revisions\/2316"}],"wp:attachment":[{"href":"https:\/\/www.ledbag.se\/index.php?rest_route=%2Fwp%2Fv2%2Fmedia&parent=2303"}],"wp:term":[{"taxonomy":"category","embeddable":true,"href":"https:\/\/www.ledbag.se\/index.php?rest_route=%2Fwp%2Fv2%2Fcategories&post=2303"},{"taxonomy":"post_tag","embeddable":true,"href":"https:\/\/www.ledbag.se\/index.php?rest_route=%2Fwp%2Fv2%2Ftags&post=2303"}],"curies":[{"name":"wp","href":"https:\/\/api.w.org\/{rel}","templated":true}]}}