{"id":2275,"date":"2016-04-07T20:28:30","date_gmt":"2016-04-07T19:28:30","guid":{"rendered":"http:\/\/www.ledbag.se\/?p=2275"},"modified":"2016-04-09T06:10:27","modified_gmt":"2016-04-09T05:10:27","slug":"datum-for-arbetsdagen","status":"publish","type":"post","link":"https:\/\/www.ledbag.se\/?p=2275","title":{"rendered":"Datum f\u00f6r arbetsdagen"},"content":{"rendered":"<p><strong><span style=\"color: #ff0000;\"><a href=\"http:\/\/www.ledbag.se\/wp-content\/uploads\/2012\/08\/kurt-jonsson_120806.jpg\" rel=\"attachment wp-att-1191\"><img fetchpriority=\"high\" decoding=\"async\" class=\"alignleft wp-image-1191\" src=\"http:\/\/www.ledbag.se\/wp-content\/uploads\/2012\/08\/kurt-jonsson_120806.jpg\" alt=\"kurt-jonsson_120806\" width=\"560\" height=\"350\" srcset=\"https:\/\/www.ledbag.se\/wp-content\/uploads\/2012\/08\/kurt-jonsson_120806.jpg 960w, https:\/\/www.ledbag.se\/wp-content\/uploads\/2012\/08\/kurt-jonsson_120806-300x187.jpg 300w, https:\/\/www.ledbag.se\/wp-content\/uploads\/2012\/08\/kurt-jonsson_120806-640x400.jpg 640w\" sizes=\"(max-width: 560px) 100vw, 560px\" \/><\/a><\/span><\/strong><\/p>\n<p><em>Foto: MATS RAGNARSSON<\/em><\/p>\n<p><strong><span style=\"color: #ff0000;\">ARBETSINSATS.<\/span> Nu har styrelsen fastst\u00e4llt datum f\u00f6r v\u00e5rens insats efter v\u00e4gen. Det blir l\u00f6rdag 28 maj kl 10.00 och samling vid Pumphuset i anslutning till Lassi Fordell.<\/strong><br \/>\n<strong>&#8211; Vintern har varit ok n\u00e4r det g\u00e4ller plogningen och det k\u00e4nns sj\u00e4lvklart roligt att planera in en s\u00e5dant h\u00e4r datum d\u00e5 v\u00e5r\/sommar verkligen b\u00f6rjar ta fart. Vi kommer att ansl\u00e5 detta p\u00e5 f\u00f6reningens informationstavla samt \u00e4ven skicka ut mejl samt l\u00e4gga en bl\u00e4nkare via Facebook, s\u00e4ger f\u00f6reningens v\u00e4gm\u00e4stare Kurt Jonsson till ledbag.se.<\/strong><\/p>\n","protected":false},"excerpt":{"rendered":"<p>Foto: MATS RAGNARSSON ARBETSINSATS. Nu har styrelsen fastst\u00e4llt datum f\u00f6r v\u00e5rens insats efter v\u00e4gen. Det blir l\u00f6rdag 28 maj kl 10.00 och samling vid Pumphuset i anslutning till Lassi Fordell. &#8211; Vintern har varit ok n\u00e4r det g\u00e4ller plogningen och det k\u00e4nns sj\u00e4lvklart roligt att planera in en s\u00e5dant h\u00e4r datum d\u00e5 v\u00e5r\/sommar verkligen b\u00f6rjar &hellip; <\/p>\n<p class=\"link-more\"><a href=\"https:\/\/www.ledbag.se\/?p=2275\" class=\"more-link\">L\u00e4s mer<span class=\"screen-reader-text\"> \u201dDatum f\u00f6r arbetsdagen\u201d<\/span><\/a><\/p>\n","protected":false},"author":4,"featured_media":0,"comment_status":"open","ping_status":"open","sticky":false,"template":"","format":"standard","meta":{"_FSMCFIC_featured_image_caption":"","_FSMCFIC_featured_image_nocaption":"","_FSMCFIC_featured_image_hide":"","footnotes":""},"categories":[4],"tags":[],"class_list":["post-2275","post","type-post","status-publish","format-standard","hentry","category-var"],"cc_featured_image_caption":{"caption_text":false,"source_text":false,"source_url":false},"featured_media_urls":[],"_links":{"self":[{"href":"https:\/\/www.ledbag.se\/index.php?rest_route=\/wp\/v2\/posts\/2275","targetHints":{"allow":["GET"]}}],"collection":[{"href":"https:\/\/www.ledbag.se\/index.php?rest_route=\/wp\/v2\/posts"}],"about":[{"href":"https:\/\/www.ledbag.se\/index.php?rest_route=\/wp\/v2\/types\/post"}],"author":[{"embeddable":true,"href":"https:\/\/www.ledbag.se\/index.php?rest_route=\/wp\/v2\/users\/4"}],"replies":[{"embeddable":true,"href":"https:\/\/www.ledbag.se\/index.php?rest_route=%2Fwp%2Fv2%2Fcomments&post=2275"}],"version-history":[{"count":4,"href":"https:\/\/www.ledbag.se\/index.php?rest_route=\/wp\/v2\/posts\/2275\/revisions"}],"predecessor-version":[{"id":2280,"href":"https:\/\/www.ledbag.se\/index.php?rest_route=\/wp\/v2\/posts\/2275\/revisions\/2280"}],"wp:attachment":[{"href":"https:\/\/www.ledbag.se\/index.php?rest_route=%2Fwp%2Fv2%2Fmedia&parent=2275"}],"wp:term":[{"taxonomy":"category","embeddable":true,"href":"https:\/\/www.ledbag.se\/index.php?rest_route=%2Fwp%2Fv2%2Fcategories&post=2275"},{"taxonomy":"post_tag","embeddable":true,"href":"https:\/\/www.ledbag.se\/index.php?rest_route=%2Fwp%2Fv2%2Ftags&post=2275"}],"curies":[{"name":"wp","href":"https:\/\/api.w.org\/{rel}","templated":true}]}}