{"id":1976,"date":"2015-05-30T13:05:54","date_gmt":"2015-05-30T12:05:54","guid":{"rendered":"http:\/\/www.ledbag.se\/?p=1976"},"modified":"2015-05-31T08:29:51","modified_gmt":"2015-05-31T07:29:51","slug":"lyckad-arbetsdag","status":"publish","type":"post","link":"https:\/\/www.ledbag.se\/?p=1976","title":{"rendered":"Lyckad arbetsdag"},"content":{"rendered":"<p><strong><img fetchpriority=\"high\" decoding=\"async\" class=\"alignleft wp-image-1977\" src=\"http:\/\/www.ledbag.se\/wp-content\/uploads\/2015\/05\/DSC_0581.jpg\" alt=\"DSC_0581\" width=\"581\" height=\"388\" srcset=\"https:\/\/www.ledbag.se\/wp-content\/uploads\/2015\/05\/DSC_0581.jpg 4496w, https:\/\/www.ledbag.se\/wp-content\/uploads\/2015\/05\/DSC_0581-300x200.jpg 300w, https:\/\/www.ledbag.se\/wp-content\/uploads\/2015\/05\/DSC_0581-1024x683.jpg 1024w, https:\/\/www.ledbag.se\/wp-content\/uploads\/2015\/05\/DSC_0581-640x427.jpg 640w\" sizes=\"(max-width: 581px) 100vw, 581px\" \/><span style=\"color: #800000;\"><a style=\"color: #800000;\" href=\"http:\/\/www.matsragnarsson.se\">Foto: MATS RAGNARSSON<\/a><\/span><\/strong><\/p>\n<p><strong><span style=\"color: #ff0000;\">STORA STENAR<\/span>. Under l\u00f6rdag f\u00f6rmiddag genomf\u00f6rde Ledsk\u00e4r-B\u00e5del\u00f6gerns V\u00e4gf\u00f6rening v\u00e5rens arbetsinsats inf\u00f6r kommande sommartrafik.<\/strong><br \/>\n<strong> &#8211; En mycket lyckad dag, ans\u00e5g v\u00e4gm\u00e4stare Kurt Jonsson p\u00e5 fr\u00e5gan fr\u00e5n ledbag.se.<\/strong><\/p>\n<p><!--more--><\/p>\n<p><strong>Grus &amp; borttag av stenar<\/strong><br \/>\nInnan denna helg hade vi enligt budget lagt ut tre lass med grus efter v\u00e4gen och l\u00f6rdagens arbete gick ut p\u00e5 att snygga till v\u00e4gen efter v\u00e5rens hyvling.<\/p>\n<p>Under ledning av v\u00e4gm\u00e4stare Kurt Jonsson och traktorf\u00f6rare Daniel Forsman gjorde de som slutit upp en bra insats efter v\u00e4gen.<\/p>\n<p>&#8211; Det var l\u00e4nge sedan som vi fick ut s\u00e5 mycket av en dag, sade Kurt Jonsson.<\/p>\n<p><strong>&#8221;Chefen&#8221; bel\u00e5ten<\/strong><br \/>\nFr\u00e5n redaktionen lyfter vi lite extra f\u00f6r tjejernas insats som var minst lika bra som gubbarnas.<\/p>\n<p>&#8211; Det k\u00e4nns lite i kroppen men det \u00e4r bara nyttigt att anv\u00e4nda muskler son normalt inte anv\u00e4nds, ber\u00e4ttade ordf\u00f6rande Sigbritt Jonsson som i n\u00e4sta andetag skr\u00f6t \u00f6ver de som st\u00e4llt upp idag.<\/p>\n<p>&#8211; Bra g\u00e4ng och jag tycker att vi fick ut mycket av dagen.<\/p>\n<p><strong>Fika hos Ragnarssons<\/strong><br \/>\nEfter arbetsdagens bj\u00f6ds det p\u00e5 l\u00e4ttare f\u00f6rt\u00e4ring hemma hos Gun-Britt Ragnarson.<\/p>\n<p>&#8211; Trevligt samkv\u00e4m och det gjorde inte ont att solen visade upp sig och v\u00e4rmde. Det har vi inte varit bortsk\u00e4md med under maj, sade Sigbritt Jonsson.<\/p>\n<p><span style=\"color: #800000;\"><strong><a style=\"color: #800000;\" href=\"https:\/\/www.facebook.com\/media\/set\/?set=a.837669972975761.1073741831.108946985848067&amp;type=1&amp;l=7f33299454\">H\u00e4r<\/a><\/strong><\/span> kommer du till ett kortare bildsvep fr\u00e5n l\u00f6rdagens insats!<\/p>\n<p>&nbsp;<\/p>\n<p>&nbsp;<\/p>\n<p>&nbsp;<\/p>\n","protected":false},"excerpt":{"rendered":"<p>Foto: MATS RAGNARSSON STORA STENAR. Under l\u00f6rdag f\u00f6rmiddag genomf\u00f6rde Ledsk\u00e4r-B\u00e5del\u00f6gerns V\u00e4gf\u00f6rening v\u00e5rens arbetsinsats inf\u00f6r kommande sommartrafik. &#8211; En mycket lyckad dag, ans\u00e5g v\u00e4gm\u00e4stare Kurt Jonsson p\u00e5 fr\u00e5gan fr\u00e5n ledbag.se.<\/p>\n","protected":false},"author":2,"featured_media":0,"comment_status":"open","ping_status":"open","sticky":false,"template":"","format":"standard","meta":{"_FSMCFIC_featured_image_caption":"","_FSMCFIC_featured_image_nocaption":"","_FSMCFIC_featured_image_hide":"","footnotes":""},"categories":[4],"tags":[],"class_list":["post-1976","post","type-post","status-publish","format-standard","hentry","category-var"],"cc_featured_image_caption":{"caption_text":false,"source_text":false,"source_url":false},"featured_media_urls":[],"_links":{"self":[{"href":"https:\/\/www.ledbag.se\/index.php?rest_route=\/wp\/v2\/posts\/1976","targetHints":{"allow":["GET"]}}],"collection":[{"href":"https:\/\/www.ledbag.se\/index.php?rest_route=\/wp\/v2\/posts"}],"about":[{"href":"https:\/\/www.ledbag.se\/index.php?rest_route=\/wp\/v2\/types\/post"}],"author":[{"embeddable":true,"href":"https:\/\/www.ledbag.se\/index.php?rest_route=\/wp\/v2\/users\/2"}],"replies":[{"embeddable":true,"href":"https:\/\/www.ledbag.se\/index.php?rest_route=%2Fwp%2Fv2%2Fcomments&post=1976"}],"version-history":[{"count":14,"href":"https:\/\/www.ledbag.se\/index.php?rest_route=\/wp\/v2\/posts\/1976\/revisions"}],"predecessor-version":[{"id":1992,"href":"https:\/\/www.ledbag.se\/index.php?rest_route=\/wp\/v2\/posts\/1976\/revisions\/1992"}],"wp:attachment":[{"href":"https:\/\/www.ledbag.se\/index.php?rest_route=%2Fwp%2Fv2%2Fmedia&parent=1976"}],"wp:term":[{"taxonomy":"category","embeddable":true,"href":"https:\/\/www.ledbag.se\/index.php?rest_route=%2Fwp%2Fv2%2Fcategories&post=1976"},{"taxonomy":"post_tag","embeddable":true,"href":"https:\/\/www.ledbag.se\/index.php?rest_route=%2Fwp%2Fv2%2Ftags&post=1976"}],"curies":[{"name":"wp","href":"https:\/\/api.w.org\/{rel}","templated":true}]}}