{"id":162,"date":"2011-02-15T23:20:38","date_gmt":"2011-02-15T22:20:38","guid":{"rendered":"http:\/\/www.ledbag.se\/?p=162"},"modified":"2011-02-28T23:47:48","modified_gmt":"2011-02-28T22:47:48","slug":"snart-ar-sommaren-har","status":"publish","type":"post","link":"https:\/\/www.ledbag.se\/?p=162","title":{"rendered":"SNART \u00c4R SOMMAREN H\u00c4R&#8230;"},"content":{"rendered":"<p><a href=\"http:\/\/www.ledbag.se\/wp-content\/uploads\/2011\/02\/v\u00e4gm\u00f6te_100717.jpg\"><img fetchpriority=\"high\" decoding=\"async\" class=\"alignnone size-full wp-image-163\" title=\"v\u00e4gm\u00f6te_100717\" src=\"http:\/\/www.ledbag.se\/wp-content\/uploads\/2011\/02\/v\u00e4gm\u00f6te_100717.jpg\" alt=\"\" width=\"575\" height=\"400\" srcset=\"https:\/\/www.ledbag.se\/wp-content\/uploads\/2011\/02\/v\u00e4gm\u00f6te_100717.jpg 575w, https:\/\/www.ledbag.se\/wp-content\/uploads\/2011\/02\/v\u00e4gm\u00f6te_100717-300x208.jpg 300w\" sizes=\"(max-width: 575px) 100vw, 575px\" \/><\/a><br \/>\n<strong>Foto: Mats Ragnarsson<\/strong><\/p>\n<p>Denna vecka nummer sju har verkligen kylan slagit till rej\u00e4lt. Webredaktionen fick en liten impuls att redovisa n\u00e5gra sommarbilder. Bilden enligt ovan tagen fr\u00e5n \u00e5rst\u00e4mman den 17 juli 2010 hemma hos Karin och Lars-\u00c5ke Lundstr\u00f6m.<\/p>\n<p><!--more--><br \/>\n<a href=\"http:\/\/www.ledbag.se\/wp-content\/uploads\/2011\/02\/v\u00e4gm\u00f6te_2_100717.jpg\"><img decoding=\"async\" class=\"alignnone size-full wp-image-167\" title=\"v\u00e4gm\u00f6te_2_100717\" src=\"http:\/\/www.ledbag.se\/wp-content\/uploads\/2011\/02\/v\u00e4gm\u00f6te_2_100717.jpg\" alt=\"\" width=\"575\" height=\"400\" srcset=\"https:\/\/www.ledbag.se\/wp-content\/uploads\/2011\/02\/v\u00e4gm\u00f6te_2_100717.jpg 575w, https:\/\/www.ledbag.se\/wp-content\/uploads\/2011\/02\/v\u00e4gm\u00f6te_2_100717-300x208.jpg 300w\" sizes=\"(max-width: 575px) 100vw, 575px\" \/><\/a><br \/>\n<strong>STYRELSEN.\u00a0<\/strong>Styrelsen f\u00f6r verksamhets\u00e5ret 2010\/11. <em>\u00d6vre raden, fr\u00e5n v\u00e4nster:<\/em> P O Glaas, Karin Lundstr\u00f6m, Sigbritt Jonsson, Mats Ragnarsson. <em>Kn<\/em>\u00e4st<em>\u00e5ende, fr\u00e5n v\u00e4nster: <\/em>Yngve Johansson, Mats Karlsson, Kurt Jonsson.<\/p>\n<p><a href=\"http:\/\/www.ledbag.se\/wp-content\/uploads\/2011\/02\/sommarbild_100701.jpg\"><img decoding=\"async\" class=\"alignnone size-full wp-image-168\" title=\"sommarbild_100701\" src=\"http:\/\/www.ledbag.se\/wp-content\/uploads\/2011\/02\/sommarbild_100701.jpg\" alt=\"\" width=\"575\" height=\"400\" srcset=\"https:\/\/www.ledbag.se\/wp-content\/uploads\/2011\/02\/sommarbild_100701.jpg 575w, https:\/\/www.ledbag.se\/wp-content\/uploads\/2011\/02\/sommarbild_100701-300x208.jpg 300w\" sizes=\"(max-width: 575px) 100vw, 575px\" \/><\/a><br \/>\n<strong>LOVLEY EVENING.<\/strong> Kv\u00e4llsbild fr\u00e5n stranden mellan Nisse Ragnarson och Ted Samuelsson.<\/p>\n","protected":false},"excerpt":{"rendered":"<p>Foto: Mats Ragnarsson Denna vecka nummer sju har verkligen kylan slagit till rej\u00e4lt. Webredaktionen fick en liten impuls att redovisa n\u00e5gra sommarbilder. Bilden enligt ovan tagen fr\u00e5n \u00e5rst\u00e4mman den 17 juli 2010 hemma hos Karin och Lars-\u00c5ke Lundstr\u00f6m.<\/p>\n","protected":false},"author":2,"featured_media":0,"comment_status":"open","ping_status":"open","sticky":false,"template":"","format":"standard","meta":{"_FSMCFIC_featured_image_caption":"","_FSMCFIC_featured_image_nocaption":"","_FSMCFIC_featured_image_hide":"","footnotes":""},"categories":[3],"tags":[],"class_list":["post-162","post","type-post","status-publish","format-standard","hentry","category-vinter"],"cc_featured_image_caption":{"caption_text":false,"source_text":false,"source_url":false},"featured_media_urls":[],"_links":{"self":[{"href":"https:\/\/www.ledbag.se\/index.php?rest_route=\/wp\/v2\/posts\/162","targetHints":{"allow":["GET"]}}],"collection":[{"href":"https:\/\/www.ledbag.se\/index.php?rest_route=\/wp\/v2\/posts"}],"about":[{"href":"https:\/\/www.ledbag.se\/index.php?rest_route=\/wp\/v2\/types\/post"}],"author":[{"embeddable":true,"href":"https:\/\/www.ledbag.se\/index.php?rest_route=\/wp\/v2\/users\/2"}],"replies":[{"embeddable":true,"href":"https:\/\/www.ledbag.se\/index.php?rest_route=%2Fwp%2Fv2%2Fcomments&post=162"}],"version-history":[{"count":9,"href":"https:\/\/www.ledbag.se\/index.php?rest_route=\/wp\/v2\/posts\/162\/revisions"}],"predecessor-version":[{"id":258,"href":"https:\/\/www.ledbag.se\/index.php?rest_route=\/wp\/v2\/posts\/162\/revisions\/258"}],"wp:attachment":[{"href":"https:\/\/www.ledbag.se\/index.php?rest_route=%2Fwp%2Fv2%2Fmedia&parent=162"}],"wp:term":[{"taxonomy":"category","embeddable":true,"href":"https:\/\/www.ledbag.se\/index.php?rest_route=%2Fwp%2Fv2%2Fcategories&post=162"},{"taxonomy":"post_tag","embeddable":true,"href":"https:\/\/www.ledbag.se\/index.php?rest_route=%2Fwp%2Fv2%2Ftags&post=162"}],"curies":[{"name":"wp","href":"https:\/\/api.w.org\/{rel}","templated":true}]}}