{"id":1512,"date":"2014-05-31T17:18:02","date_gmt":"2014-05-31T16:18:02","guid":{"rendered":"http:\/\/www.ledbag.se\/?p=1512"},"modified":"2016-02-03T16:16:01","modified_gmt":"2016-02-03T15:16:01","slug":"ledbag-se-starker-upp-redaktionen","status":"publish","type":"post","link":"https:\/\/www.ledbag.se\/?p=1512","title":{"rendered":"Ledbag.se st\u00e4rker upp redaktionen"},"content":{"rendered":"<p>&nbsp;<\/p>\n<p>&nbsp;<\/p>\n<p><strong><span style=\"color: #ff0000;\">ORGANISATION.<\/span> Under parollen att v\u00e5r v\u00e4gf\u00f6rening ska ligga i framkant b\u00e5de n\u00e4r det g\u00e4ller ekonomi, organisation vill styrelsen f\u00f6rs\u00f6ka ta \u00e4nnu ett tag f\u00f6r att utveckla verksamheten. Ett steg i den riktningen \u00e4r att webbredaktionen har st\u00e4rkts upp med en ny medarbetare i form av Susanne Haugen.<br \/>\n&#8211; Jag fick fr\u00e5gan fr\u00e5n Mats (Ragnarsson) och tvekade inte, utan det k\u00e4nns bara roligt att f\u00f6rs\u00f6ka vara med p\u00e5 ett h\u00f6rn att intervjua och f\u00e5 ut information till och fr\u00e5n v\u00e5ra medlemmar, ber\u00e4ttar Susanne Haugen till ledbag.se.<\/strong><\/p>\n<p><!--more--><\/p>\n<p><strong>Ume\u00e5 Universitet<br \/>\n<\/strong>Att uttrycka sig b\u00e5de muntligt och skriftligt har Susanne (bild) inga problem med.<\/p>\n<p>&#8211; Det st\u00e4mmer. Till vardags jobbar jag p\u00e5 Ume\u00e5 universitet som universitetslektor i nordiska spr\u00e5k. Jag har jobbat d\u00e4r i snart 14 \u00e5r med forskning och undervisning.<\/p>\n<p>Ume\u00e5 universitet \u00e4r ingen liten arbetsplats.<\/p>\n<p>&#8211; Jag tror att vi \u00e4r cirka 4 000 anst\u00e4llda och vi h\u00e5ller ig\u00e5ng cirka 35 000 studenter. S\u00e5 visst \u00e4r det en arbetsplats som r\u00f6r p\u00e5 sig, s\u00e4ger Susanne med ett skratt.<\/p>\n<p><strong>Fr\u00e5n \u201dSchtaan\u201d<br \/>\n<\/strong>F\u00f6re Susanne Haugen fick Ume\u00e5 och f\u00f6r dagen Lax\u00f6gern 62 som bostadsadress s\u00e5 var det Skellefte\u00e5 som g\u00e4llde.<\/p>\n<p>&#8211; Det var lockelsen att f\u00e5 b\u00f6rja p\u00e5 Ume\u00e5 universitet som lockade. Tidigare jobbade jag som gymnasiel\u00e4rare i Skellefte\u00e5.<\/p>\n<p><em>Att jobba inom f\u00f6reningslivet \u00e4r ingen nyhet f\u00f6r dig?<\/em><br \/>\n&#8211; Nej f\u00f6r tusan. Jag sitter med som suppleant i Ledsk\u00e4rs-B\u00e5del\u00f6gerns V\u00e4gf\u00f6rening, \u00e4r ordf\u00f6rande i vattenf\u00f6reningen och \u00e4r \u00e4ven redakt\u00f6r f\u00f6r Johan Nordlander-s\u00e4llskapet. Alla s\u00e5na uppdrag \u00e4r s\u00e5nt som ger mig mycket tillbaka.<\/p>\n<p><strong>&#8221;Korta &amp; sn\u00e4rtiga reportage&#8221;<br \/>\n<\/strong><em>Dina t\u00e4nkta uppgifter inom webbredaktionen?<br \/>\n<\/em>&#8211; Att tillsammans med Mats bli mer aktiv i att f\u00e5 ut korta och sn\u00e4rtiga reportage med b\u00e5de text och bilder. Vi har pratat lite l\u00f6st om att kanske lotta ut en trisslott varje m\u00e5nad och f\u00f6lja upp om det blev n\u00e5gon vinst eller inte.<\/p>\n<p>&#8211; Sen tror vi mycket p\u00e5 att sociala medier i form av Facebook kan vara n\u00e5got f\u00f6r oss. Vi \u00e4r v\u00e4l medvetna om att \u00e5ldersstrukturen inom omr\u00e5det g\u00f6r att man \u00e4r mer eller mindre intresserad av den tekniken. Men vi ska i alla fall ge det en chans och f\u00f6rs\u00f6ka bli fler medlemmar.<\/p>\n<p><em>Dina intryck av omr\u00e5det sedan 2009 d\u00e5 k\u00f6pet av tomten och sedemera uppf\u00f6randet av det fina huset<br \/>\n<\/em>&#8211; Jag har n\u00e4stan bara plus. Kvarkenfisk, n\u00e4rheten till Skeppsvik, Bjuren, Holm\u00f6n, djurlivet, naturen, havet, och sist men inte minst \u2013 m\u00e4nniskorna h\u00e4r ute. Dom \u00e4r b\u00e4st!<\/p>\n<p><em>M\u00e5nga plus, inga minus?<br \/>\n<\/em>&#8211; Hmm. Det kanske f\u00e5r bli Rov\u00f6gersv\u00e4gen. Den \u00e4r inte rolig alla g\u00e5nger, speciellt vid m\u00f6te. Men det funkar helt okej.<\/p>\n<p><em>Slutligen, sommarplanerna f\u00f6r 2014?<\/em><br \/>\n&#8211; Det blir nog mest att vara p\u00e5 hemmaplan och vara beredd p\u00e5 spontana saker. Jag ska vara i standbyl\u00e4ge, kanske man kan s\u00e4ga (skratt).<\/p>\n","protected":false},"excerpt":{"rendered":"<p>&nbsp; &nbsp; ORGANISATION. Under parollen att v\u00e5r v\u00e4gf\u00f6rening ska ligga i framkant b\u00e5de n\u00e4r det g\u00e4ller ekonomi, organisation vill styrelsen f\u00f6rs\u00f6ka ta \u00e4nnu ett tag f\u00f6r att utveckla verksamheten. Ett steg i den riktningen \u00e4r att webbredaktionen har st\u00e4rkts upp med en ny medarbetare i form av Susanne Haugen. &#8211; Jag fick fr\u00e5gan fr\u00e5n Mats &hellip; <\/p>\n<p class=\"link-more\"><a href=\"https:\/\/www.ledbag.se\/?p=1512\" class=\"more-link\">L\u00e4s mer<span class=\"screen-reader-text\"> \u201dLedbag.se st\u00e4rker upp redaktionen\u201d<\/span><\/a><\/p>\n","protected":false},"author":2,"featured_media":0,"comment_status":"open","ping_status":"open","sticky":false,"template":"","format":"standard","meta":{"_FSMCFIC_featured_image_caption":"","_FSMCFIC_featured_image_nocaption":"","_FSMCFIC_featured_image_hide":"","footnotes":""},"categories":[4],"tags":[],"class_list":["post-1512","post","type-post","status-publish","format-standard","hentry","category-var"],"cc_featured_image_caption":{"caption_text":false,"source_text":false,"source_url":false},"featured_media_urls":[],"_links":{"self":[{"href":"https:\/\/www.ledbag.se\/index.php?rest_route=\/wp\/v2\/posts\/1512","targetHints":{"allow":["GET"]}}],"collection":[{"href":"https:\/\/www.ledbag.se\/index.php?rest_route=\/wp\/v2\/posts"}],"about":[{"href":"https:\/\/www.ledbag.se\/index.php?rest_route=\/wp\/v2\/types\/post"}],"author":[{"embeddable":true,"href":"https:\/\/www.ledbag.se\/index.php?rest_route=\/wp\/v2\/users\/2"}],"replies":[{"embeddable":true,"href":"https:\/\/www.ledbag.se\/index.php?rest_route=%2Fwp%2Fv2%2Fcomments&post=1512"}],"version-history":[{"count":9,"href":"https:\/\/www.ledbag.se\/index.php?rest_route=\/wp\/v2\/posts\/1512\/revisions"}],"predecessor-version":[{"id":2269,"href":"https:\/\/www.ledbag.se\/index.php?rest_route=\/wp\/v2\/posts\/1512\/revisions\/2269"}],"wp:attachment":[{"href":"https:\/\/www.ledbag.se\/index.php?rest_route=%2Fwp%2Fv2%2Fmedia&parent=1512"}],"wp:term":[{"taxonomy":"category","embeddable":true,"href":"https:\/\/www.ledbag.se\/index.php?rest_route=%2Fwp%2Fv2%2Fcategories&post=1512"},{"taxonomy":"post_tag","embeddable":true,"href":"https:\/\/www.ledbag.se\/index.php?rest_route=%2Fwp%2Fv2%2Ftags&post=1512"}],"curies":[{"name":"wp","href":"https:\/\/api.w.org\/{rel}","templated":true}]}}