{"id":1328,"date":"2013-05-21T18:07:35","date_gmt":"2013-05-21T17:07:35","guid":{"rendered":"http:\/\/www.ledbag.se\/?p=1328"},"modified":"2013-05-24T12:00:33","modified_gmt":"2013-05-24T11:00:33","slug":"dags-att-hjalpa-till-arbetsdag","status":"publish","type":"post","link":"https:\/\/www.ledbag.se\/?p=1328","title":{"rendered":"Arbetsdag &#8211; dags att hj\u00e4lpa till!"},"content":{"rendered":"<p><a href=\"http:\/\/www.ledbag.se\/wp-content\/uploads\/2013\/05\/v\u00e4garbete_110604.jpg\"><img fetchpriority=\"high\" decoding=\"async\" class=\"alignnone  wp-image-1329\" alt=\"v\u00e4garbete_110604\" src=\"http:\/\/www.ledbag.se\/wp-content\/uploads\/2013\/05\/v\u00e4garbete_110604.jpg\" width=\"576\" height=\"360\" srcset=\"https:\/\/www.ledbag.se\/wp-content\/uploads\/2013\/05\/v\u00e4garbete_110604.jpg 960w, https:\/\/www.ledbag.se\/wp-content\/uploads\/2013\/05\/v\u00e4garbete_110604-300x187.jpg 300w, https:\/\/www.ledbag.se\/wp-content\/uploads\/2013\/05\/v\u00e4garbete_110604-640x400.jpg 640w\" sizes=\"(max-width: 576px) 100vw, 576px\" \/><br \/>\n<\/a><strong><span style=\"color: #808080;\">Foto: MATS RAGNARSSON<\/span><\/strong><\/p>\n<p>Styrelsen hos Ledsk\u00e4r-B\u00e5del\u00f6gerns V\u00e4gf\u00f6rening kallar till en arbetsdag l\u00f6rdag 1 juni. Klicka <span style=\"color: #ff0000;\"><strong><a href=\"http:\/\/www.matsragnarsson.se\/stugan\/Vagarbetsdag_13.pdf\"><span style=\"color: #ff0000;\">h\u00e4r <\/span><\/a><\/strong><\/span>f\u00f6r att komma till den officiella kallelsen (har \u00e4ven mejlats ut samt anslagits p\u00e5 v\u00e5r informationstavla efter v\u00e4gen). P\u00e5 dagordningen: snygga till omkring v\u00e4grenen samt arbete med v\u00e4gbelysningen.<\/p>\n","protected":false},"excerpt":{"rendered":"<p>Foto: MATS RAGNARSSON Styrelsen hos Ledsk\u00e4r-B\u00e5del\u00f6gerns V\u00e4gf\u00f6rening kallar till en arbetsdag l\u00f6rdag 1 juni. Klicka h\u00e4r f\u00f6r att komma till den officiella kallelsen (har \u00e4ven mejlats ut samt anslagits p\u00e5 v\u00e5r informationstavla efter v\u00e4gen). P\u00e5 dagordningen: snygga till omkring v\u00e4grenen samt arbete med v\u00e4gbelysningen.<\/p>\n","protected":false},"author":2,"featured_media":0,"comment_status":"open","ping_status":"open","sticky":false,"template":"","format":"standard","meta":{"_FSMCFIC_featured_image_caption":"","_FSMCFIC_featured_image_nocaption":"","_FSMCFIC_featured_image_hide":"","footnotes":""},"categories":[4],"tags":[],"class_list":["post-1328","post","type-post","status-publish","format-standard","hentry","category-var"],"cc_featured_image_caption":{"caption_text":false,"source_text":false,"source_url":false},"featured_media_urls":[],"_links":{"self":[{"href":"https:\/\/www.ledbag.se\/index.php?rest_route=\/wp\/v2\/posts\/1328","targetHints":{"allow":["GET"]}}],"collection":[{"href":"https:\/\/www.ledbag.se\/index.php?rest_route=\/wp\/v2\/posts"}],"about":[{"href":"https:\/\/www.ledbag.se\/index.php?rest_route=\/wp\/v2\/types\/post"}],"author":[{"embeddable":true,"href":"https:\/\/www.ledbag.se\/index.php?rest_route=\/wp\/v2\/users\/2"}],"replies":[{"embeddable":true,"href":"https:\/\/www.ledbag.se\/index.php?rest_route=%2Fwp%2Fv2%2Fcomments&post=1328"}],"version-history":[{"count":4,"href":"https:\/\/www.ledbag.se\/index.php?rest_route=\/wp\/v2\/posts\/1328\/revisions"}],"predecessor-version":[{"id":1333,"href":"https:\/\/www.ledbag.se\/index.php?rest_route=\/wp\/v2\/posts\/1328\/revisions\/1333"}],"wp:attachment":[{"href":"https:\/\/www.ledbag.se\/index.php?rest_route=%2Fwp%2Fv2%2Fmedia&parent=1328"}],"wp:term":[{"taxonomy":"category","embeddable":true,"href":"https:\/\/www.ledbag.se\/index.php?rest_route=%2Fwp%2Fv2%2Fcategories&post=1328"},{"taxonomy":"post_tag","embeddable":true,"href":"https:\/\/www.ledbag.se\/index.php?rest_route=%2Fwp%2Fv2%2Ftags&post=1328"}],"curies":[{"name":"wp","href":"https:\/\/api.w.org\/{rel}","templated":true}]}}