{"id":130,"date":"2011-02-13T10:40:10","date_gmt":"2011-02-13T09:40:10","guid":{"rendered":"http:\/\/www.ledbag.se\/?p=130"},"modified":"2011-02-28T23:48:11","modified_gmt":"2011-02-28T22:48:11","slug":"plogkanter-sa-att-det-racker-till","status":"publish","type":"post","link":"https:\/\/www.ledbag.se\/?p=130","title":{"rendered":"PLOGKANTER S\u00c5 ATT DET R\u00c4CKER TILL"},"content":{"rendered":"<p><a href=\"http:\/\/www.ledbag.se\/wp-content\/uploads\/2011\/02\/sn\u00f6_560.jpg\"><\/a><\/p>\n<p><a href=\"http:\/\/www.ledbag.se\/wp-content\/uploads\/2011\/02\/sn\u00f6_575.jpg\"><img fetchpriority=\"high\" decoding=\"async\" class=\"alignnone size-full wp-image-138\" title=\"sn\u00f6_575\" src=\"http:\/\/www.ledbag.se\/wp-content\/uploads\/2011\/02\/sn\u00f6_575.jpg\" alt=\"\" width=\"575\" height=\"400\" srcset=\"https:\/\/www.ledbag.se\/wp-content\/uploads\/2011\/02\/sn\u00f6_575.jpg 575w, https:\/\/www.ledbag.se\/wp-content\/uploads\/2011\/02\/sn\u00f6_575-300x208.jpg 300w\" sizes=\"(max-width: 575px) 100vw, 575px\" \/><\/a><br \/>\n<strong>Foto: Mats Ragnarsson<\/strong><\/p>\n<p>Denna vintrer har KMH: s \u00c5keri sk\u00f6tt om plogning av v\u00e5r v\u00e4g.<br \/>\nVi f\u00e5r hoppas att v\u00e4dergudarna \u00e4r med oss under slutet av denna vinter, d\u00e5 vinterns plogning s\u00e5 h\u00e4r l\u00e5ngt har kostat mera \u00e4n vad budgeten till\u00e5ter.<\/p>\n<p>&#8211; Vi hade ett extra styrelsem\u00f6te l\u00f6rdag den 5 februari d\u00e4r vi ventilerade det hela och \u00e4ven best\u00e4mde att g\u00e5 ut med en aktuell balans- och resultatr\u00e4kning till alla medlemmar i v\u00e4gf\u00f6reningen,\u00a0sade ordf\u00f6rande Sigbritt Jonsson till ledbag.se.<\/p>\n","protected":false},"excerpt":{"rendered":"<p>Foto: Mats Ragnarsson Denna vintrer har KMH: s \u00c5keri sk\u00f6tt om plogning av v\u00e5r v\u00e4g. Vi f\u00e5r hoppas att v\u00e4dergudarna \u00e4r med oss under slutet av denna vinter, d\u00e5 vinterns plogning s\u00e5 h\u00e4r l\u00e5ngt har kostat mera \u00e4n vad budgeten till\u00e5ter. &#8211; Vi hade ett extra styrelsem\u00f6te l\u00f6rdag den 5 februari d\u00e4r vi ventilerade det &hellip; <\/p>\n<p class=\"link-more\"><a href=\"https:\/\/www.ledbag.se\/?p=130\" class=\"more-link\">L\u00e4s mer<span class=\"screen-reader-text\"> \u201dPLOGKANTER S\u00c5 ATT DET R\u00c4CKER TILL\u201d<\/span><\/a><\/p>\n","protected":false},"author":2,"featured_media":0,"comment_status":"open","ping_status":"open","sticky":false,"template":"","format":"standard","meta":{"_FSMCFIC_featured_image_caption":"","_FSMCFIC_featured_image_nocaption":"","_FSMCFIC_featured_image_hide":"","footnotes":""},"categories":[3],"tags":[],"class_list":["post-130","post","type-post","status-publish","format-standard","hentry","category-vinter"],"cc_featured_image_caption":{"caption_text":false,"source_text":false,"source_url":false},"featured_media_urls":[],"_links":{"self":[{"href":"https:\/\/www.ledbag.se\/index.php?rest_route=\/wp\/v2\/posts\/130","targetHints":{"allow":["GET"]}}],"collection":[{"href":"https:\/\/www.ledbag.se\/index.php?rest_route=\/wp\/v2\/posts"}],"about":[{"href":"https:\/\/www.ledbag.se\/index.php?rest_route=\/wp\/v2\/types\/post"}],"author":[{"embeddable":true,"href":"https:\/\/www.ledbag.se\/index.php?rest_route=\/wp\/v2\/users\/2"}],"replies":[{"embeddable":true,"href":"https:\/\/www.ledbag.se\/index.php?rest_route=%2Fwp%2Fv2%2Fcomments&post=130"}],"version-history":[{"count":12,"href":"https:\/\/www.ledbag.se\/index.php?rest_route=\/wp\/v2\/posts\/130\/revisions"}],"predecessor-version":[{"id":133,"href":"https:\/\/www.ledbag.se\/index.php?rest_route=\/wp\/v2\/posts\/130\/revisions\/133"}],"wp:attachment":[{"href":"https:\/\/www.ledbag.se\/index.php?rest_route=%2Fwp%2Fv2%2Fmedia&parent=130"}],"wp:term":[{"taxonomy":"category","embeddable":true,"href":"https:\/\/www.ledbag.se\/index.php?rest_route=%2Fwp%2Fv2%2Fcategories&post=130"},{"taxonomy":"post_tag","embeddable":true,"href":"https:\/\/www.ledbag.se\/index.php?rest_route=%2Fwp%2Fv2%2Ftags&post=130"}],"curies":[{"name":"wp","href":"https:\/\/api.w.org\/{rel}","templated":true}]}}