{"id":1259,"date":"2013-01-31T19:33:23","date_gmt":"2013-01-31T18:33:23","guid":{"rendered":"http:\/\/www.ledbag.se\/?p=1259"},"modified":"2013-02-01T07:18:36","modified_gmt":"2013-02-01T06:18:36","slug":"statliga-bidraget-pa-kontot","status":"publish","type":"post","link":"https:\/\/www.ledbag.se\/?p=1259","title":{"rendered":"Statliga bidraget p\u00e5 kontot"},"content":{"rendered":"<p><img fetchpriority=\"high\" decoding=\"async\" class=\"alignnone size-full wp-image-367\" alt=\"plog_3_01406\" src=\"http:\/\/www.ledbag.se\/wp-content\/uploads\/2011\/03\/plog_3_01406.jpg\" width=\"575\" height=\"400\" srcset=\"https:\/\/www.ledbag.se\/wp-content\/uploads\/2011\/03\/plog_3_01406.jpg 575w, https:\/\/www.ledbag.se\/wp-content\/uploads\/2011\/03\/plog_3_01406-300x208.jpg 300w\" sizes=\"(max-width: 575px) 100vw, 575px\" \/><br \/>\n<strong><span style=\"color: #808080;\">Foto: Yngve Johansson<\/span><\/strong><\/p>\n<p><strong><span style=\"color: #ff0000;\">EKONOMI.<\/span><\/strong> Denna torsdag har det ramlat in 12 587 kronor avseende det statliga bidraget. Januari m\u00e5nad har kostnadsm\u00e4ssigt blivit n\u00e4stan h\u00e4lften s\u00e5 dyr som december n\u00e4r det g\u00e4ller kontot f\u00f6r plogning. Vi f\u00e5r h\u00e5lla tummarna att februari blir minst lika bra.<\/p>\n<p><!--more--><\/p>\n<p><strong>Bilder &amp; texter<br \/>\n<\/strong>P\u00e5minner om att undertecknad \u00e4r g\u00e4rna mottagare av aktuella bilder n\u00e4r v\u00e4dergudarna \u00e4r med oss. Det \u00e4r en fin tid som vi har framf\u00f6r oss i stugomr\u00e5det!<\/p>\n<p><a href=\"mailto: mats.ragnarsson@staren.nu\"><strong><span style=\"color: #800000;\" data-mce-mark=\"1\">mats.ragnarsson@staren.se<\/span><\/strong><\/a><\/p>\n<p>&nbsp;<\/p>\n","protected":false},"excerpt":{"rendered":"<p>Foto: Yngve Johansson EKONOMI. Denna torsdag har det ramlat in 12 587 kronor avseende det statliga bidraget. Januari m\u00e5nad har kostnadsm\u00e4ssigt blivit n\u00e4stan h\u00e4lften s\u00e5 dyr som december n\u00e4r det g\u00e4ller kontot f\u00f6r plogning. Vi f\u00e5r h\u00e5lla tummarna att februari blir minst lika bra.<\/p>\n","protected":false},"author":2,"featured_media":0,"comment_status":"open","ping_status":"open","sticky":false,"template":"","format":"standard","meta":{"_FSMCFIC_featured_image_caption":"","_FSMCFIC_featured_image_nocaption":"","_FSMCFIC_featured_image_hide":"","footnotes":""},"categories":[3],"tags":[],"class_list":["post-1259","post","type-post","status-publish","format-standard","hentry","category-vinter"],"cc_featured_image_caption":{"caption_text":false,"source_text":false,"source_url":false},"featured_media_urls":[],"_links":{"self":[{"href":"https:\/\/www.ledbag.se\/index.php?rest_route=\/wp\/v2\/posts\/1259","targetHints":{"allow":["GET"]}}],"collection":[{"href":"https:\/\/www.ledbag.se\/index.php?rest_route=\/wp\/v2\/posts"}],"about":[{"href":"https:\/\/www.ledbag.se\/index.php?rest_route=\/wp\/v2\/types\/post"}],"author":[{"embeddable":true,"href":"https:\/\/www.ledbag.se\/index.php?rest_route=\/wp\/v2\/users\/2"}],"replies":[{"embeddable":true,"href":"https:\/\/www.ledbag.se\/index.php?rest_route=%2Fwp%2Fv2%2Fcomments&post=1259"}],"version-history":[{"count":4,"href":"https:\/\/www.ledbag.se\/index.php?rest_route=\/wp\/v2\/posts\/1259\/revisions"}],"predecessor-version":[{"id":1263,"href":"https:\/\/www.ledbag.se\/index.php?rest_route=\/wp\/v2\/posts\/1259\/revisions\/1263"}],"wp:attachment":[{"href":"https:\/\/www.ledbag.se\/index.php?rest_route=%2Fwp%2Fv2%2Fmedia&parent=1259"}],"wp:term":[{"taxonomy":"category","embeddable":true,"href":"https:\/\/www.ledbag.se\/index.php?rest_route=%2Fwp%2Fv2%2Fcategories&post=1259"},{"taxonomy":"post_tag","embeddable":true,"href":"https:\/\/www.ledbag.se\/index.php?rest_route=%2Fwp%2Fv2%2Ftags&post=1259"}],"curies":[{"name":"wp","href":"https:\/\/api.w.org\/{rel}","templated":true}]}}