{"id":1247,"date":"2013-01-19T15:16:07","date_gmt":"2013-01-19T14:16:07","guid":{"rendered":"http:\/\/www.ledbag.se\/?p=1247"},"modified":"2013-02-01T09:12:12","modified_gmt":"2013-02-01T08:12:12","slug":"nytt-ar-och-nya-reportage","status":"publish","type":"post","link":"https:\/\/www.ledbag.se\/?p=1247","title":{"rendered":"Nytt \u00e5r och nya reportage"},"content":{"rendered":"<p><img fetchpriority=\"high\" decoding=\"async\" class=\"alignnone  wp-image-1248\" alt=\"brevl\u00e5dor_130119\" src=\"http:\/\/www.ledbag.se\/wp-content\/uploads\/2013\/01\/brevl\u00e5dor_130119.jpg\" width=\"576\" height=\"360\" srcset=\"https:\/\/www.ledbag.se\/wp-content\/uploads\/2013\/01\/brevl\u00e5dor_130119.jpg 960w, https:\/\/www.ledbag.se\/wp-content\/uploads\/2013\/01\/brevl\u00e5dor_130119-300x187.jpg 300w, https:\/\/www.ledbag.se\/wp-content\/uploads\/2013\/01\/brevl\u00e5dor_130119-640x400.jpg 640w\" sizes=\"(max-width: 576px) 100vw, 576px\" \/><br \/>\n<strong><span style=\"color: #808080;\" data-mce-mark=\"1\">Foto: Mats Ragnarsson<\/span><\/strong><\/p>\n<p><span style=\"color: #ff0000;\" data-mce-mark=\"1\"><strong>REPORTAGE. <\/strong><\/span>V\u00e4gf\u00f6reningens webredaktion har under hela h\u00f6sten och fram till nu haft en l\u00e5g profil n\u00e4r det g\u00e4ller att l\u00e4gga upp nyheter. Anledningarna finns, men beh\u00f6vs inte lyftas via detta forum. Hur som helst s\u00e5 \u00e4r ambitionen att komma ig\u00e5ng och f\u00f6r att detta ska bli bra beh\u00f6vs hj\u00e4lp fr\u00e5n alla som kan bidra med bilder och kortare texter.<\/p>\n<p><!--more--><\/p>\n<p><strong>V\u00e4gens ekonomi<\/strong><br \/>\nUnder h\u00f6sten st\u00e4rktes v\u00e4gf\u00f6reningens kassa upp med de avgifter som fastst\u00e4lldes vid v\u00e4gst\u00e4mman i juli hos Jane &amp; Mats Karlsson.<\/p>\n<p>Fram till november hade vi i princip inga utgifter utan dessa b\u00f6rjade ramla in i och med att den f\u00f6rsta sn\u00f6n behagade visa sig.<\/p>\n<p>\u00c4ven denna vinter kommer KMH:s \u00c5keri i Ume\u00e5 AB att hj\u00e4lpa oss med att h\u00e5lla v\u00e4gen k\u00f6rbar. Fr\u00e5n styrelsen har vi bett Kent Helmersson skicka faktura efter varje m\u00e5nad s\u00e5 att vi verkligen f\u00e5r koll p\u00e5 f\u00f6reningens ekonomi.<\/p>\n<p>Den f\u00f6rsta fakturan f\u00f6r december \u00e4r bokf\u00f6rd och blev p\u00e5 7 912 kronor inkl moms. F\u00f6r dagen har vi 6 471,62 p\u00e5 f\u00f6reningens konto.<\/p>\n<p>Mera om ekonomin kommer efter januari fakturan.<\/p>\n<p><img decoding=\"async\" class=\"alignnone  wp-image-1257\" alt=\"vinterv\u00e4g_130119\" src=\"http:\/\/www.ledbag.se\/wp-content\/uploads\/2013\/01\/vinterv\u00e4g_130119.jpg\" width=\"672\" height=\"420\" srcset=\"https:\/\/www.ledbag.se\/wp-content\/uploads\/2013\/01\/vinterv\u00e4g_130119.jpg 960w, https:\/\/www.ledbag.se\/wp-content\/uploads\/2013\/01\/vinterv\u00e4g_130119-300x187.jpg 300w, https:\/\/www.ledbag.se\/wp-content\/uploads\/2013\/01\/vinterv\u00e4g_130119-640x400.jpg 640w\" sizes=\"(max-width: 672px) 100vw, 672px\" \/><br \/>\n<strong><span style=\"color: #808080;\" data-mce-mark=\"1\">Foto: Mats Ragnarsson<\/span><\/strong><\/p>\n<p><strong>Reportage<\/strong><br \/>\nI ingressen n\u00e4mdes \u00f6nskem\u00e5let att kunna f\u00e5 in material fr\u00e5n alla i stugomr\u00e5det. Skicka bilder (orginal) samt en kortare text till webmaster Mats Ragnarsson : <span style=\"color: #800000;\" data-mce-mark=\"1\"><a href=\"mailto: mats.ragnarsson@staren.nu\"><span style=\"color: #800000;\" data-mce-mark=\"1\">mats.ragnarsson@staren.nu<\/span><\/a><\/span><\/p>\n<p>I \u00f6vrigt kan vi l\u00e4gga till att dagens tv\u00e5 bilder \u00e4r tagna l\u00f6rdag den 19 januari och \u00e4ven om det fortfarande \u00e4r m\u00f6rkt till stora delar av dygnets 24 timmar s\u00e5 g\u00e5r vi \u00e5t r\u00e4tt h\u00e5ll (v\u00e5r\/sommar) och runt h\u00f6rnet v\u00e4ntar s\u00e4kert m\u00e5nga fina vinterdagar d\u00e5 solen behagar komma fram.<\/p>\n","protected":false},"excerpt":{"rendered":"<p>Foto: Mats Ragnarsson REPORTAGE. V\u00e4gf\u00f6reningens webredaktion har under hela h\u00f6sten och fram till nu haft en l\u00e5g profil n\u00e4r det g\u00e4ller att l\u00e4gga upp nyheter. Anledningarna finns, men beh\u00f6vs inte lyftas via detta forum. Hur som helst s\u00e5 \u00e4r ambitionen att komma ig\u00e5ng och f\u00f6r att detta ska bli bra beh\u00f6vs hj\u00e4lp fr\u00e5n alla som &hellip; <\/p>\n<p class=\"link-more\"><a href=\"https:\/\/www.ledbag.se\/?p=1247\" class=\"more-link\">L\u00e4s mer<span class=\"screen-reader-text\"> \u201dNytt \u00e5r och nya reportage\u201d<\/span><\/a><\/p>\n","protected":false},"author":2,"featured_media":0,"comment_status":"open","ping_status":"open","sticky":false,"template":"","format":"standard","meta":{"_FSMCFIC_featured_image_caption":"","_FSMCFIC_featured_image_nocaption":"","_FSMCFIC_featured_image_hide":"","footnotes":""},"categories":[3],"tags":[],"class_list":["post-1247","post","type-post","status-publish","format-standard","hentry","category-vinter"],"cc_featured_image_caption":{"caption_text":false,"source_text":false,"source_url":false},"featured_media_urls":[],"_links":{"self":[{"href":"https:\/\/www.ledbag.se\/index.php?rest_route=\/wp\/v2\/posts\/1247","targetHints":{"allow":["GET"]}}],"collection":[{"href":"https:\/\/www.ledbag.se\/index.php?rest_route=\/wp\/v2\/posts"}],"about":[{"href":"https:\/\/www.ledbag.se\/index.php?rest_route=\/wp\/v2\/types\/post"}],"author":[{"embeddable":true,"href":"https:\/\/www.ledbag.se\/index.php?rest_route=\/wp\/v2\/users\/2"}],"replies":[{"embeddable":true,"href":"https:\/\/www.ledbag.se\/index.php?rest_route=%2Fwp%2Fv2%2Fcomments&post=1247"}],"version-history":[{"count":10,"href":"https:\/\/www.ledbag.se\/index.php?rest_route=\/wp\/v2\/posts\/1247\/revisions"}],"predecessor-version":[{"id":1252,"href":"https:\/\/www.ledbag.se\/index.php?rest_route=\/wp\/v2\/posts\/1247\/revisions\/1252"}],"wp:attachment":[{"href":"https:\/\/www.ledbag.se\/index.php?rest_route=%2Fwp%2Fv2%2Fmedia&parent=1247"}],"wp:term":[{"taxonomy":"category","embeddable":true,"href":"https:\/\/www.ledbag.se\/index.php?rest_route=%2Fwp%2Fv2%2Fcategories&post=1247"},{"taxonomy":"post_tag","embeddable":true,"href":"https:\/\/www.ledbag.se\/index.php?rest_route=%2Fwp%2Fv2%2Ftags&post=1247"}],"curies":[{"name":"wp","href":"https:\/\/api.w.org\/{rel}","templated":true}]}}