{"id":1074,"date":"2012-03-29T05:10:54","date_gmt":"2012-03-29T04:10:54","guid":{"rendered":"http:\/\/www.ledbag.se\/?p=1074"},"modified":"2012-03-29T05:11:38","modified_gmt":"2012-03-29T04:11:38","slug":"vintern-tappar-sitt-grepp","status":"publish","type":"post","link":"https:\/\/www.ledbag.se\/?p=1074","title":{"rendered":"Snart g\u00e5r det att sj\u00f6s\u00e4tta b\u00e5tarna"},"content":{"rendered":"<p><a href=\"http:\/\/www.ledbag.se\/wp-content\/uploads\/2012\/03\/var_4_1279_2.jpg\"><img fetchpriority=\"high\" decoding=\"async\" class=\"alignnone size-full wp-image-1076\" title=\"var_4_1279_2\" src=\"http:\/\/www.ledbag.se\/wp-content\/uploads\/2012\/03\/var_4_1279_2.jpg\" alt=\"\" width=\"560\" height=\"400\" srcset=\"https:\/\/www.ledbag.se\/wp-content\/uploads\/2012\/03\/var_4_1279_2.jpg 560w, https:\/\/www.ledbag.se\/wp-content\/uploads\/2012\/03\/var_4_1279_2-300x214.jpg 300w\" sizes=\"(max-width: 560px) 100vw, 560px\" \/><\/a><br \/>\n<strong>Foto: Yngve Johansson<\/strong><\/p>\n<p>Yngve Johansson \u00e4r duktig med att h\u00e5lla webredakionen med aktuell information och bilder.<br \/>\n&#8211; Det \u00e4r inte l\u00e5ngt borta nu, l\u00e5ter Yngve h\u00e4lsa efter att ha tagit dessa bilder under onsdag den 28 mars.<\/p>\n<p><!--more--><\/p>\n<p><a href=\"http:\/\/www.ledbag.se\/wp-content\/uploads\/2012\/03\/VAR_6_1283_2.jpg\"><img decoding=\"async\" class=\"alignnone size-full wp-image-1075\" title=\"VAR_6_1283_2\" src=\"http:\/\/www.ledbag.se\/wp-content\/uploads\/2012\/03\/VAR_6_1283_2.jpg\" alt=\"\" width=\"560\" height=\"400\" srcset=\"https:\/\/www.ledbag.se\/wp-content\/uploads\/2012\/03\/VAR_6_1283_2.jpg 560w, https:\/\/www.ledbag.se\/wp-content\/uploads\/2012\/03\/VAR_6_1283_2-300x214.jpg 300w\" sizes=\"(max-width: 560px) 100vw, 560px\" \/><\/a><\/p>\n<p>&nbsp;<\/p>\n","protected":false},"excerpt":{"rendered":"<p>Foto: Yngve Johansson Yngve Johansson \u00e4r duktig med att h\u00e5lla webredakionen med aktuell information och bilder. &#8211; Det \u00e4r inte l\u00e5ngt borta nu, l\u00e5ter Yngve h\u00e4lsa efter att ha tagit dessa bilder under onsdag den 28 mars.<\/p>\n","protected":false},"author":2,"featured_media":0,"comment_status":"open","ping_status":"open","sticky":false,"template":"","format":"standard","meta":{"_FSMCFIC_featured_image_caption":"","_FSMCFIC_featured_image_nocaption":"","_FSMCFIC_featured_image_hide":"","footnotes":""},"categories":[3],"tags":[],"class_list":["post-1074","post","type-post","status-publish","format-standard","hentry","category-vinter"],"cc_featured_image_caption":{"caption_text":false,"source_text":false,"source_url":false},"featured_media_urls":[],"_links":{"self":[{"href":"https:\/\/www.ledbag.se\/index.php?rest_route=\/wp\/v2\/posts\/1074","targetHints":{"allow":["GET"]}}],"collection":[{"href":"https:\/\/www.ledbag.se\/index.php?rest_route=\/wp\/v2\/posts"}],"about":[{"href":"https:\/\/www.ledbag.se\/index.php?rest_route=\/wp\/v2\/types\/post"}],"author":[{"embeddable":true,"href":"https:\/\/www.ledbag.se\/index.php?rest_route=\/wp\/v2\/users\/2"}],"replies":[{"embeddable":true,"href":"https:\/\/www.ledbag.se\/index.php?rest_route=%2Fwp%2Fv2%2Fcomments&post=1074"}],"version-history":[{"count":3,"href":"https:\/\/www.ledbag.se\/index.php?rest_route=\/wp\/v2\/posts\/1074\/revisions"}],"predecessor-version":[{"id":1079,"href":"https:\/\/www.ledbag.se\/index.php?rest_route=\/wp\/v2\/posts\/1074\/revisions\/1079"}],"wp:attachment":[{"href":"https:\/\/www.ledbag.se\/index.php?rest_route=%2Fwp%2Fv2%2Fmedia&parent=1074"}],"wp:term":[{"taxonomy":"category","embeddable":true,"href":"https:\/\/www.ledbag.se\/index.php?rest_route=%2Fwp%2Fv2%2Fcategories&post=1074"},{"taxonomy":"post_tag","embeddable":true,"href":"https:\/\/www.ledbag.se\/index.php?rest_route=%2Fwp%2Fv2%2Ftags&post=1074"}],"curies":[{"name":"wp","href":"https:\/\/api.w.org\/{rel}","templated":true}]}}