{"id":1064,"date":"2012-03-24T07:26:11","date_gmt":"2012-03-24T06:26:11","guid":{"rendered":"http:\/\/www.ledbag.se\/?p=1064"},"modified":"2012-03-24T07:28:57","modified_gmt":"2012-03-24T06:28:57","slug":"ar-varen-pa-vag","status":"publish","type":"post","link":"https:\/\/www.ledbag.se\/?p=1064","title":{"rendered":"\u00c4r v\u00e5ren p\u00e5 v\u00e4g?"},"content":{"rendered":"<p><a href=\"http:\/\/www.ledbag.se\/wp-content\/uploads\/2012\/03\/var_3_1268.jpg\"><img fetchpriority=\"high\" decoding=\"async\" class=\"alignnone size-full wp-image-1065\" title=\"var_3_1268\" src=\"http:\/\/www.ledbag.se\/wp-content\/uploads\/2012\/03\/var_3_1268.jpg\" alt=\"\" width=\"600\" height=\"450\" srcset=\"https:\/\/www.ledbag.se\/wp-content\/uploads\/2012\/03\/var_3_1268.jpg 600w, https:\/\/www.ledbag.se\/wp-content\/uploads\/2012\/03\/var_3_1268-300x225.jpg 300w\" sizes=\"(max-width: 600px) 100vw, 600px\" \/><br \/>\n<\/a><strong>Foto: Yngve Johansson<\/strong><\/p>\n<p>Efter n\u00e5gra h\u00e4rliga dagar b\u00e5de med sol &amp; temperatur s\u00e5 har vintern defintivt tappat greppet, vilket Yngve Johansson kunnat dokumentera.<\/p>\n<p><!--more--><\/p>\n<p><a href=\"http:\/\/www.ledbag.se\/wp-content\/uploads\/2012\/03\/var_2_1257_2.jpg\"><img decoding=\"async\" class=\"alignnone size-full wp-image-1067\" title=\"var_2_1257_2\" src=\"http:\/\/www.ledbag.se\/wp-content\/uploads\/2012\/03\/var_2_1257_2.jpg\" alt=\"\" width=\"560\" height=\"400\" srcset=\"https:\/\/www.ledbag.se\/wp-content\/uploads\/2012\/03\/var_2_1257_2.jpg 560w, https:\/\/www.ledbag.se\/wp-content\/uploads\/2012\/03\/var_2_1257_2-300x214.jpg 300w\" sizes=\"(max-width: 560px) 100vw, 560px\" \/><\/a><\/p>\n<p><a href=\"http:\/\/www.ledbag.se\/wp-content\/uploads\/2012\/03\/var_1_1258_2.jpg\"><img decoding=\"async\" class=\"alignnone size-full wp-image-1066\" title=\"var_1_1258_2\" src=\"http:\/\/www.ledbag.se\/wp-content\/uploads\/2012\/03\/var_1_1258_2.jpg\" alt=\"\" width=\"560\" height=\"400\" srcset=\"https:\/\/www.ledbag.se\/wp-content\/uploads\/2012\/03\/var_1_1258_2.jpg 560w, https:\/\/www.ledbag.se\/wp-content\/uploads\/2012\/03\/var_1_1258_2-300x214.jpg 300w\" sizes=\"(max-width: 560px) 100vw, 560px\" \/><\/a><\/p>\n","protected":false},"excerpt":{"rendered":"<p>Foto: Yngve Johansson Efter n\u00e5gra h\u00e4rliga dagar b\u00e5de med sol &amp; temperatur s\u00e5 har vintern defintivt tappat greppet, vilket Yngve Johansson kunnat dokumentera.<\/p>\n","protected":false},"author":2,"featured_media":0,"comment_status":"open","ping_status":"open","sticky":false,"template":"","format":"standard","meta":{"_FSMCFIC_featured_image_caption":"","_FSMCFIC_featured_image_nocaption":"","_FSMCFIC_featured_image_hide":"","footnotes":""},"categories":[3],"tags":[],"class_list":["post-1064","post","type-post","status-publish","format-standard","hentry","category-vinter"],"cc_featured_image_caption":{"caption_text":false,"source_text":false,"source_url":false},"featured_media_urls":[],"_links":{"self":[{"href":"https:\/\/www.ledbag.se\/index.php?rest_route=\/wp\/v2\/posts\/1064","targetHints":{"allow":["GET"]}}],"collection":[{"href":"https:\/\/www.ledbag.se\/index.php?rest_route=\/wp\/v2\/posts"}],"about":[{"href":"https:\/\/www.ledbag.se\/index.php?rest_route=\/wp\/v2\/types\/post"}],"author":[{"embeddable":true,"href":"https:\/\/www.ledbag.se\/index.php?rest_route=\/wp\/v2\/users\/2"}],"replies":[{"embeddable":true,"href":"https:\/\/www.ledbag.se\/index.php?rest_route=%2Fwp%2Fv2%2Fcomments&post=1064"}],"version-history":[{"count":6,"href":"https:\/\/www.ledbag.se\/index.php?rest_route=\/wp\/v2\/posts\/1064\/revisions"}],"predecessor-version":[{"id":1073,"href":"https:\/\/www.ledbag.se\/index.php?rest_route=\/wp\/v2\/posts\/1064\/revisions\/1073"}],"wp:attachment":[{"href":"https:\/\/www.ledbag.se\/index.php?rest_route=%2Fwp%2Fv2%2Fmedia&parent=1064"}],"wp:term":[{"taxonomy":"category","embeddable":true,"href":"https:\/\/www.ledbag.se\/index.php?rest_route=%2Fwp%2Fv2%2Fcategories&post=1064"},{"taxonomy":"post_tag","embeddable":true,"href":"https:\/\/www.ledbag.se\/index.php?rest_route=%2Fwp%2Fv2%2Ftags&post=1064"}],"curies":[{"name":"wp","href":"https:\/\/api.w.org\/{rel}","templated":true}]}}